
			
				

					
				

			
		{"items":"\n\t\t\t\t\t\t\t\t\t\t\t\n<article id=\"post-33898\" class=\"wd-post blog-design-meta-image blog-post-loop blog-style-bg wd-col post-33898 post type-post status-publish format-standard has-post-thumbnail hentry category-haber\">\n\t\t\t<div class=\"wd-post-inner\">\n\t\n\t<div class=\"wd-post-thumb color-scheme-light\">\n\t\t\t\t\t<div class=\"wd-post-img\">\n\t\t\t\t<img width=\"678\" height=\"381\" src=\"https:\/\/www.isiyad.net\/wp-content\/uploads\/2025\/10\/Turkiye-ev-Teksili-sanayici-is-insanlari-Dernegimiz.jpg\" class=\"attachment-large size-large\" alt=\"T\u00fcrkiye ev Teksili sanayici i\u015f insanlar\u0131 Derne\u011fimiz\" decoding=\"async\" fetchpriority=\"high\" srcset=\"https:\/\/www.isiyad.net\/wp-content\/uploads\/2025\/10\/Turkiye-ev-Teksili-sanayici-is-insanlari-Dernegimiz.jpg 678w, https:\/\/www.isiyad.net\/wp-content\/uploads\/2025\/10\/Turkiye-ev-Teksili-sanayici-is-insanlari-Dernegimiz-300x169.jpg 300w, https:\/\/www.isiyad.net\/wp-content\/uploads\/2025\/10\/Turkiye-ev-Teksili-sanayici-is-insanlari-Dernegimiz-150x84.jpg 150w\" sizes=\"(max-width: 678px) 100vw, 678px\" \/>\t\t\t<\/div>\n\t\t\n\t\t\t\t<a class=\"wd-post-link wd-fill\" href=\"https:\/\/www.isiyad.net\/turkiye-ev-tekstili-esnaf-ve-sanatkarlari-dernegi-istisare-toplantisi\/\" rel=\"bookmark\" aria-label=\"Link on post T\u00fcrkiye Ev Tekstili Esnaf ve Sanatkarlar\u0131 Derne\u011fi \u0130sti\u015fare Toplant\u0131s\u0131\"><\/a>\n\n\t\t\t<\/div>\n\n\t<div class=\"wd-post-content\">\n\t\t<div class=\"wd-post-meta wd-post-entry-meta\">\n\t\t\t\n\t\t\t\n\t\t\t\t\t<\/div>\n\n\t\t\t\t\t<h3 class=\"wd-post-title wd-entities-title title post-title\">\n\t\t\t\t<a href=\"https:\/\/www.isiyad.net\/turkiye-ev-tekstili-esnaf-ve-sanatkarlari-dernegi-istisare-toplantisi\/\" rel=\"bookmark\">\n\t\t\t\t\tT\u00fcrkiye Ev Tekstili Esnaf ve Sanatkarlar\u0131 Derne\u011fi \u0130sti\u015fare Toplant\u0131s\u0131\t\t\t\t<\/a>\n\t\t\t<\/h3>\n\t\t\n\t\t\n\t\t\t\t\t\t\t\t\t\t<div class=\"wd-post-read-more wd-style-link read-more-section\">\n\t\t\t\t\t\t<a class=\"\" href=\"https:\/\/www.isiyad.net\/turkiye-ev-tekstili-esnaf-ve-sanatkarlari-dernegi-istisare-toplantisi\/\">Continue reading<\/a>\t\t\t\t\t<\/div>\n\t\t\t\t\t\t\t<\/div>\n\n\t\t\t<\/div>\n\t<\/article>\n\t\t\t\t\t\t\t\t\t\t\t\n<article id=\"post-33730\" class=\"wd-post blog-design-meta-image blog-post-loop blog-style-bg wd-col post-33730 post type-post status-publish format-standard has-post-thumbnail hentry category-haber\">\n\t\t\t<div class=\"wd-post-inner\">\n\t\n\t<div class=\"wd-post-thumb color-scheme-light\">\n\t\t\t\t\t<div class=\"wd-post-img\">\n\t\t\t\t<img width=\"678\" height=\"381\" src=\"https:\/\/www.isiyad.net\/wp-content\/uploads\/2025\/10\/f0cecbdd-b68e-4d4f-9e09-eba80079f68c-1-678x381-1.jpg\" class=\"attachment-large size-large\" alt=\"\" decoding=\"async\" srcset=\"https:\/\/www.isiyad.net\/wp-content\/uploads\/2025\/10\/f0cecbdd-b68e-4d4f-9e09-eba80079f68c-1-678x381-1.jpg 678w, https:\/\/www.isiyad.net\/wp-content\/uploads\/2025\/10\/f0cecbdd-b68e-4d4f-9e09-eba80079f68c-1-678x381-1-300x169.jpg 300w, https:\/\/www.isiyad.net\/wp-content\/uploads\/2025\/10\/f0cecbdd-b68e-4d4f-9e09-eba80079f68c-1-678x381-1-150x84.jpg 150w\" sizes=\"(max-width: 678px) 100vw, 678px\" \/>\t\t\t<\/div>\n\t\t\n\t\t\t\t<a class=\"wd-post-link wd-fill\" href=\"https:\/\/www.isiyad.net\/istanbul-valisi-davut-gul-valilik-tarafindan-duzenlenen-istisare-toplantisina-katildi\/\" rel=\"bookmark\" aria-label=\"Link on post \u0130stanbul Valisi Davut G\u00dcL, Valilik taraf\u0131ndan d\u00fczenlenen isti\u015fare toplant\u0131s\u0131na kat\u0131ld\u0131.\"><\/a>\n\n\t\t\t<\/div>\n\n\t<div class=\"wd-post-content\">\n\t\t<div class=\"wd-post-meta wd-post-entry-meta\">\n\t\t\t\n\t\t\t\n\t\t\t\t\t<\/div>\n\n\t\t\t\t\t<h3 class=\"wd-post-title wd-entities-title title post-title\">\n\t\t\t\t<a href=\"https:\/\/www.isiyad.net\/istanbul-valisi-davut-gul-valilik-tarafindan-duzenlenen-istisare-toplantisina-katildi\/\" rel=\"bookmark\">\n\t\t\t\t\t\u0130stanbul Valisi Davut G\u00dcL, Valilik taraf\u0131ndan d\u00fczenlenen isti\u015fare toplant\u0131s\u0131na kat\u0131ld\u0131.\t\t\t\t<\/a>\n\t\t\t<\/h3>\n\t\t\n\t\t\n\t\t\t\t\t\t\t\t\t\t<div class=\"wd-post-read-more wd-style-link read-more-section\">\n\t\t\t\t\t\t<a class=\"\" href=\"https:\/\/www.isiyad.net\/istanbul-valisi-davut-gul-valilik-tarafindan-duzenlenen-istisare-toplantisina-katildi\/\">Continue reading<\/a>\t\t\t\t\t<\/div>\n\t\t\t\t\t\t\t<\/div>\n\n\t\t\t<\/div>\n\t<\/article>\n\t\t\t\t\t\t\t\t\t\t\t\n<article id=\"post-33731\" class=\"wd-post blog-design-meta-image blog-post-loop blog-style-bg wd-col post-33731 post type-post status-publish format-standard has-post-thumbnail hentry category-haber\">\n\t\t\t<div class=\"wd-post-inner\">\n\t\n\t<div class=\"wd-post-thumb color-scheme-light\">\n\t\t\t\t\t<div class=\"wd-post-img\">\n\t\t\t\t<img width=\"678\" height=\"381\" src=\"https:\/\/www.isiyad.net\/wp-content\/uploads\/2025\/10\/ISIYAD-Yuksek-istisare-Kurulu-Baskan-vekilimiz-Avrupa.jpg\" class=\"attachment-large size-large\" alt=\"\u0130S\u0130YAD Y\u00fcksek isti\u015fare Kurulu Ba\u015fkan vekilimiz Avrupa\" decoding=\"async\" srcset=\"https:\/\/www.isiyad.net\/wp-content\/uploads\/2025\/10\/ISIYAD-Yuksek-istisare-Kurulu-Baskan-vekilimiz-Avrupa.jpg 678w, https:\/\/www.isiyad.net\/wp-content\/uploads\/2025\/10\/ISIYAD-Yuksek-istisare-Kurulu-Baskan-vekilimiz-Avrupa-300x169.jpg 300w, https:\/\/www.isiyad.net\/wp-content\/uploads\/2025\/10\/ISIYAD-Yuksek-istisare-Kurulu-Baskan-vekilimiz-Avrupa-150x84.jpg 150w\" sizes=\"(max-width: 678px) 100vw, 678px\" \/>\t\t\t<\/div>\n\t\t\n\t\t\t\t<a class=\"wd-post-link wd-fill\" href=\"https:\/\/www.isiyad.net\/isiyad-istanbul-temsilciligi-sisli\/\" rel=\"bookmark\" aria-label=\"Link on post \u0130S\u0130YAD \u0130stanbul Temsilcili\u011fi \u015ei\u015fli\"><\/a>\n\n\t\t\t<\/div>\n\n\t<div class=\"wd-post-content\">\n\t\t<div class=\"wd-post-meta wd-post-entry-meta\">\n\t\t\t\n\t\t\t\n\t\t\t\t\t<\/div>\n\n\t\t\t\t\t<h3 class=\"wd-post-title wd-entities-title title post-title\">\n\t\t\t\t<a href=\"https:\/\/www.isiyad.net\/isiyad-istanbul-temsilciligi-sisli\/\" rel=\"bookmark\">\n\t\t\t\t\t\u0130S\u0130YAD \u0130stanbul Temsilcili\u011fi \u015ei\u015fli\t\t\t\t<\/a>\n\t\t\t<\/h3>\n\t\t\n\t\t\n\t\t\t\t\t\t\t\t\t\t<div class=\"wd-post-read-more wd-style-link read-more-section\">\n\t\t\t\t\t\t<a class=\"\" href=\"https:\/\/www.isiyad.net\/isiyad-istanbul-temsilciligi-sisli\/\">Continue reading<\/a>\t\t\t\t\t<\/div>\n\t\t\t\t\t\t\t<\/div>\n\n\t\t\t<\/div>\n\t<\/article>\n\t\t\t\t\t\t\t\t\t\t\t\n<article id=\"post-33399\" class=\"wd-post blog-design-meta-image blog-post-loop blog-style-bg wd-col post-33399 post type-post status-publish format-standard has-post-thumbnail hentry category-haber\">\n\t\t\t<div class=\"wd-post-inner\">\n\t\n\t<div class=\"wd-post-thumb color-scheme-light\">\n\t\t\t\t\t<div class=\"wd-post-img\">\n\t\t\t\t<img width=\"678\" height=\"381\" src=\"https:\/\/www.isiyad.net\/wp-content\/uploads\/2025\/09\/b3b4d8c1-faa0-436d-bcfe-d89cc315a102-678x381-1.jpg\" class=\"attachment-large size-large\" alt=\"\" decoding=\"async\" srcset=\"https:\/\/www.isiyad.net\/wp-content\/uploads\/2025\/09\/b3b4d8c1-faa0-436d-bcfe-d89cc315a102-678x381-1.jpg 678w, https:\/\/www.isiyad.net\/wp-content\/uploads\/2025\/09\/b3b4d8c1-faa0-436d-bcfe-d89cc315a102-678x381-1-150x84.jpg 150w, https:\/\/www.isiyad.net\/wp-content\/uploads\/2025\/09\/b3b4d8c1-faa0-436d-bcfe-d89cc315a102-678x381-1-300x169.jpg 300w\" sizes=\"(max-width: 678px) 100vw, 678px\" \/>\t\t\t<\/div>\n\t\t\n\t\t\t\t<a class=\"wd-post-link wd-fill\" href=\"https:\/\/www.isiyad.net\/yetis-carsi-tanitim-ve-lasman-toplantisina-isiyad-adina-katilim-sagladik\/\" rel=\"bookmark\" aria-label=\"Link on post YET\u0130\u015e+ \u00c7AR\u015eI TANITIM VE LASMAN TOPLANTISINA \u0130S\u0130YAD ADINA KATILIM SAGLADIK\"><\/a>\n\n\t\t\t<\/div>\n\n\t<div class=\"wd-post-content\">\n\t\t<div class=\"wd-post-meta wd-post-entry-meta\">\n\t\t\t\n\t\t\t\n\t\t\t\t\t<\/div>\n\n\t\t\t\t\t<h3 class=\"wd-post-title wd-entities-title title post-title\">\n\t\t\t\t<a href=\"https:\/\/www.isiyad.net\/yetis-carsi-tanitim-ve-lasman-toplantisina-isiyad-adina-katilim-sagladik\/\" rel=\"bookmark\">\n\t\t\t\t\tYET\u0130\u015e+ \u00c7AR\u015eI TANITIM VE LASMAN TOPLANTISINA \u0130S\u0130YAD ADINA KATILIM SAGLADIK\t\t\t\t<\/a>\n\t\t\t<\/h3>\n\t\t\n\t\t\n\t\t\t\t\t\t\t\t\t\t<div class=\"wd-post-read-more wd-style-link read-more-section\">\n\t\t\t\t\t\t<a class=\"\" href=\"https:\/\/www.isiyad.net\/yetis-carsi-tanitim-ve-lasman-toplantisina-isiyad-adina-katilim-sagladik\/\">Continue reading<\/a>\t\t\t\t\t<\/div>\n\t\t\t\t\t\t\t<\/div>\n\n\t\t\t<\/div>\n\t<\/article>\n\t\t\t\t\t\t\t\t\t\t\t\n<article id=\"post-33080\" class=\"wd-post blog-design-meta-image blog-post-loop blog-style-bg wd-col post-33080 post type-post status-publish format-standard has-post-thumbnail hentry category-haber\">\n\t\t\t<div class=\"wd-post-inner\">\n\t\n\t<div class=\"wd-post-thumb color-scheme-light\">\n\t\t\t\t\t<div class=\"wd-post-img\">\n\t\t\t\t<img width=\"678\" height=\"381\" src=\"https:\/\/www.isiyad.net\/wp-content\/uploads\/2025\/08\/b0acfd75-ddc9-4455-8598-eb65e0cf269b-678x381-1.jpg\" class=\"attachment-large size-large\" alt=\"\" decoding=\"async\" srcset=\"https:\/\/www.isiyad.net\/wp-content\/uploads\/2025\/08\/b0acfd75-ddc9-4455-8598-eb65e0cf269b-678x381-1.jpg 678w, https:\/\/www.isiyad.net\/wp-content\/uploads\/2025\/08\/b0acfd75-ddc9-4455-8598-eb65e0cf269b-678x381-1-150x84.jpg 150w, https:\/\/www.isiyad.net\/wp-content\/uploads\/2025\/08\/b0acfd75-ddc9-4455-8598-eb65e0cf269b-678x381-1-300x169.jpg 300w\" sizes=\"(max-width: 678px) 100vw, 678px\" \/>\t\t\t<\/div>\n\t\t\n\t\t\t\t<a class=\"wd-post-link wd-fill\" href=\"https:\/\/www.isiyad.net\/national-unity-and-solidarity-meetings-for-a-terrorism-free-turkey\/\" rel=\"bookmark\" aria-label=\"Link on post NATIONAL UNITY AND SOLIDARITY MEETINGS FOR A TERRORISM-FREE TURKEY\"><\/a>\n\n\t\t\t<\/div>\n\n\t<div class=\"wd-post-content\">\n\t\t<div class=\"wd-post-meta wd-post-entry-meta\">\n\t\t\t\n\t\t\t\n\t\t\t\t\t<\/div>\n\n\t\t\t\t\t<h3 class=\"wd-post-title wd-entities-title title post-title\">\n\t\t\t\t<a href=\"https:\/\/www.isiyad.net\/national-unity-and-solidarity-meetings-for-a-terrorism-free-turkey\/\" rel=\"bookmark\">\n\t\t\t\t\tNATIONAL UNITY AND SOLIDARITY MEETINGS FOR A TERRORISM-FREE TURKEY\t\t\t\t<\/a>\n\t\t\t<\/h3>\n\t\t\n\t\t\n\t\t\t\t\t\t\t\t\t\t<div class=\"wd-post-read-more wd-style-link read-more-section\">\n\t\t\t\t\t\t<a class=\"\" href=\"https:\/\/www.isiyad.net\/national-unity-and-solidarity-meetings-for-a-terrorism-free-turkey\/\">Continue reading<\/a>\t\t\t\t\t<\/div>\n\t\t\t\t\t\t\t<\/div>\n\n\t\t\t<\/div>\n\t<\/article>\n\t\t\t\t\t\t\t\t\t\t\t\n<article id=\"post-32725\" class=\"wd-post blog-design-meta-image blog-post-loop blog-style-bg wd-col post-32725 post type-post status-publish format-standard has-post-thumbnail hentry category-haber\">\n\t\t\t<div class=\"wd-post-inner\">\n\t\n\t<div class=\"wd-post-thumb color-scheme-light\">\n\t\t\t\t\t<div class=\"wd-post-img\">\n\t\t\t\t<img width=\"678\" height=\"381\" src=\"https:\/\/www.isiyad.net\/wp-content\/uploads\/2025\/08\/f34cac49-d09a-4253-90de-10903b89f071-678x381-1.jpg\" class=\"attachment-large size-large\" alt=\"\" decoding=\"async\" srcset=\"https:\/\/www.isiyad.net\/wp-content\/uploads\/2025\/08\/f34cac49-d09a-4253-90de-10903b89f071-678x381-1.jpg 678w, https:\/\/www.isiyad.net\/wp-content\/uploads\/2025\/08\/f34cac49-d09a-4253-90de-10903b89f071-678x381-1-150x84.jpg 150w, https:\/\/www.isiyad.net\/wp-content\/uploads\/2025\/08\/f34cac49-d09a-4253-90de-10903b89f071-678x381-1-300x169.jpg 300w\" sizes=\"(max-width: 678px) 100vw, 678px\" \/>\t\t\t<\/div>\n\t\t\n\t\t\t\t<a class=\"wd-post-link wd-fill\" href=\"https:\/\/www.isiyad.net\/7-is-gelistirme-ve-entegrasyon-zirvesi-30-eylul-2025-tarihinde-gerceklestirildi\/\" rel=\"bookmark\" aria-label=\"Link on post 7. \u0130\u015f Geli\u015ftirme ve Entegrasyon Zirvesi 30 Eyl\u00fcl 2025 tarihinde\"><\/a>\n\n\t\t\t<\/div>\n\n\t<div class=\"wd-post-content\">\n\t\t<div class=\"wd-post-meta wd-post-entry-meta\">\n\t\t\t\n\t\t\t\n\t\t\t\t\t<\/div>\n\n\t\t\t\t\t<h3 class=\"wd-post-title wd-entities-title title post-title\">\n\t\t\t\t<a href=\"https:\/\/www.isiyad.net\/7-is-gelistirme-ve-entegrasyon-zirvesi-30-eylul-2025-tarihinde-gerceklestirildi\/\" rel=\"bookmark\">\n\t\t\t\t\t7. \u0130\u015f Geli\u015ftirme ve Entegrasyon Zirvesi 30 Eyl\u00fcl 2025 tarihinde\t\t\t\t<\/a>\n\t\t\t<\/h3>\n\t\t\n\t\t\n\t\t\t\t\t\t\t\t\t\t<div class=\"wd-post-read-more wd-style-link read-more-section\">\n\t\t\t\t\t\t<a class=\"\" href=\"https:\/\/www.isiyad.net\/7-is-gelistirme-ve-entegrasyon-zirvesi-30-eylul-2025-tarihinde-gerceklestirildi\/\">Continue reading<\/a>\t\t\t\t\t<\/div>\n\t\t\t\t\t\t\t<\/div>\n\n\t\t\t<\/div>\n\t<\/article>\n\t\t\t\t\t\t\t\t\t\t\t\n<article id=\"post-32768\" class=\"wd-post blog-design-meta-image blog-post-loop blog-style-bg wd-col post-32768 post type-post status-publish format-standard has-post-thumbnail hentry category-haber\">\n\t\t\t<div class=\"wd-post-inner\">\n\t\n\t<div class=\"wd-post-thumb color-scheme-light\">\n\t\t\t\t\t<div class=\"wd-post-img\">\n\t\t\t\t<img width=\"678\" height=\"381\" src=\"https:\/\/www.isiyad.net\/wp-content\/uploads\/2025\/08\/2025-08-01-tugva-02-1-678x38112-1.jpg\" class=\"attachment-large size-large\" alt=\"Cumhurba\u015fkan\u0131 Erdo\u011fan, T\u00dcGVA Yaz Okullar\u0131 Finali Program\u0131\u2019nda yapt\u0131\u011f\u0131 konu\u015fmada, \u201cT\u00fcrkiye Y\u00fczy\u0131l\u0131 vizyonumuzun kuvveden fiile \u00e7\u0131kmas\u0131na \u00e7ok az kald\u0131, milletimizin hasretini \u00e7ekti\u011fi b\u00fcy\u00fck ve g\u00fc\u00e7l\u00fc T\u00fcrkiye\u2019ye kavu\u015fmam\u0131za \u00e7ok az kald\u0131. Zul\u00fcmle, krizle, \u00e7at\u0131\u015fmayla bo\u011fu\u015fan co\u011frafyam\u0131zda bar\u0131\u015f r\u00fczg\u00e2rlar\u0131n\u0131n esmesine inan\u0131n \u00e7ok az kald\u0131\u201d dedi.\" decoding=\"async\" srcset=\"https:\/\/www.isiyad.net\/wp-content\/uploads\/2025\/08\/2025-08-01-tugva-02-1-678x38112-1.jpg 678w, https:\/\/www.isiyad.net\/wp-content\/uploads\/2025\/08\/2025-08-01-tugva-02-1-678x38112-1-150x84.jpg 150w, https:\/\/www.isiyad.net\/wp-content\/uploads\/2025\/08\/2025-08-01-tugva-02-1-678x38112-1-300x169.jpg 300w\" sizes=\"(max-width: 678px) 100vw, 678px\" \/>\t\t\t<\/div>\n\t\t\n\t\t\t\t<a class=\"wd-post-link wd-fill\" href=\"https:\/\/www.isiyad.net\/cumhurbaskani-erdogan-tugva-yaz-okullari-kapanis-toreninde-konusma-yapti\/\" rel=\"bookmark\" aria-label=\"Link on post Cumhurba\u015fkan\u0131 Erdo\u011fan, T\u00dcGVA Yaz Okullar\u0131 Kapan\u0131\u015f\"><\/a>\n\n\t\t\t<\/div>\n\n\t<div class=\"wd-post-content\">\n\t\t<div class=\"wd-post-meta wd-post-entry-meta\">\n\t\t\t\n\t\t\t\n\t\t\t\t\t<\/div>\n\n\t\t\t\t\t<h3 class=\"wd-post-title wd-entities-title title post-title\">\n\t\t\t\t<a href=\"https:\/\/www.isiyad.net\/cumhurbaskani-erdogan-tugva-yaz-okullari-kapanis-toreninde-konusma-yapti\/\" rel=\"bookmark\">\n\t\t\t\t\tCumhurba\u015fkan\u0131 Erdo\u011fan, T\u00dcGVA Yaz Okullar\u0131 Kapan\u0131\u015f\t\t\t\t<\/a>\n\t\t\t<\/h3>\n\t\t\n\t\t\n\t\t\t\t\t\t\t\t\t\t<div class=\"wd-post-read-more wd-style-link read-more-section\">\n\t\t\t\t\t\t<a class=\"\" href=\"https:\/\/www.isiyad.net\/cumhurbaskani-erdogan-tugva-yaz-okullari-kapanis-toreninde-konusma-yapti\/\">Continue reading<\/a>\t\t\t\t\t<\/div>\n\t\t\t\t\t\t\t<\/div>\n\n\t\t\t<\/div>\n\t<\/article>\n\t\t\t\t\t\t\t\t\t\t\t\n<article id=\"post-32724\" class=\"wd-post blog-design-meta-image blog-post-loop blog-style-bg wd-col post-32724 post type-post status-publish format-standard has-post-thumbnail hentry category-haber\">\n\t\t\t<div class=\"wd-post-inner\">\n\t\n\t<div class=\"wd-post-thumb color-scheme-light\">\n\t\t\t\t\t<div class=\"wd-post-img\">\n\t\t\t\t<img width=\"678\" height=\"381\" src=\"https:\/\/www.isiyad.net\/wp-content\/uploads\/2025\/08\/Cumhurbaskani-Recep.png\" class=\"attachment-large size-large\" alt=\"\" decoding=\"async\" srcset=\"https:\/\/www.isiyad.net\/wp-content\/uploads\/2025\/08\/Cumhurbaskani-Recep.png 678w, https:\/\/www.isiyad.net\/wp-content\/uploads\/2025\/08\/Cumhurbaskani-Recep-150x84.png 150w, https:\/\/www.isiyad.net\/wp-content\/uploads\/2025\/08\/Cumhurbaskani-Recep-300x169.png 300w\" sizes=\"(max-width: 678px) 100vw, 678px\" \/>\t\t\t<\/div>\n\t\t\n\t\t\t\t<a class=\"wd-post-link wd-fill\" href=\"https:\/\/www.isiyad.net\/cumhurbaskani-recep-tayyip-erdogan-giorgia-meloni-ve-abdelhamid-debibe-ile-gorustu\/\" rel=\"bookmark\" aria-label=\"Link on post Cumhurba\u015fkan\u0131 Recep Tayyip Erdo\u011fan, Giorgia Meloni ve\"><\/a>\n\n\t\t\t<\/div>\n\n\t<div class=\"wd-post-content\">\n\t\t<div class=\"wd-post-meta wd-post-entry-meta\">\n\t\t\t\n\t\t\t\n\t\t\t\t\t<\/div>\n\n\t\t\t\t\t<h3 class=\"wd-post-title wd-entities-title title post-title\">\n\t\t\t\t<a href=\"https:\/\/www.isiyad.net\/cumhurbaskani-recep-tayyip-erdogan-giorgia-meloni-ve-abdelhamid-debibe-ile-gorustu\/\" rel=\"bookmark\">\n\t\t\t\t\tCumhurba\u015fkan\u0131 Recep Tayyip Erdo\u011fan, Giorgia Meloni ve\t\t\t\t<\/a>\n\t\t\t<\/h3>\n\t\t\n\t\t\n\t\t\t\t\t\t\t\t\t\t<div class=\"wd-post-read-more wd-style-link read-more-section\">\n\t\t\t\t\t\t<a class=\"\" href=\"https:\/\/www.isiyad.net\/cumhurbaskani-recep-tayyip-erdogan-giorgia-meloni-ve-abdelhamid-debibe-ile-gorustu\/\">Continue reading<\/a>\t\t\t\t\t<\/div>\n\t\t\t\t\t\t\t<\/div>\n\n\t\t\t<\/div>\n\t<\/article>\n\t\t\t\t\t\t\t\t\t\t\t\n<article id=\"post-32726\" class=\"wd-post blog-design-meta-image blog-post-loop blog-style-bg wd-col post-32726 post type-post status-publish format-standard has-post-thumbnail hentry category-haber\">\n\t\t\t<div class=\"wd-post-inner\">\n\t\n\t<div class=\"wd-post-thumb color-scheme-light\">\n\t\t\t\t\t<div class=\"wd-post-img\">\n\t\t\t\t<img width=\"678\" height=\"381\" src=\"https:\/\/www.isiyad.net\/wp-content\/uploads\/2025\/08\/f757d932-c178-4732-8f6f-4dfc63ce494b-1-678x381-1.jpg\" class=\"attachment-large size-large\" alt=\"\u0130S\u0130YAD 5. Ola\u011fan Genel Kurul co\u015fkuyla tamamland\u0131\" decoding=\"async\" srcset=\"https:\/\/www.isiyad.net\/wp-content\/uploads\/2025\/08\/f757d932-c178-4732-8f6f-4dfc63ce494b-1-678x381-1.jpg 678w, https:\/\/www.isiyad.net\/wp-content\/uploads\/2025\/08\/f757d932-c178-4732-8f6f-4dfc63ce494b-1-678x381-1-150x84.jpg 150w, https:\/\/www.isiyad.net\/wp-content\/uploads\/2025\/08\/f757d932-c178-4732-8f6f-4dfc63ce494b-1-678x381-1-300x169.jpg 300w\" sizes=\"(max-width: 678px) 100vw, 678px\" \/>\t\t\t<\/div>\n\t\t\n\t\t\t\t<a class=\"wd-post-link wd-fill\" href=\"https:\/\/www.isiyad.net\/5-olagan-genel-kurulumuz-isiyad-kultur-ve-turizm-eski-bakanimiz-bulent-akarcali-ve-milletvekillerimizin-katilimiyla-hilton-beylikduzu-otelinde-gerceklestirildi\/\" rel=\"bookmark\" aria-label=\"Link on post \u0130S\u0130YAD&#8217;\u0131n 5. Ola\u011fan Genel Kurulu, K\u00fclt\u00fcr ve Turizm eski\"><\/a>\n\n\t\t\t<\/div>\n\n\t<div class=\"wd-post-content\">\n\t\t<div class=\"wd-post-meta wd-post-entry-meta\">\n\t\t\t\n\t\t\t\n\t\t\t\t\t<\/div>\n\n\t\t\t\t\t<h3 class=\"wd-post-title wd-entities-title title post-title\">\n\t\t\t\t<a href=\"https:\/\/www.isiyad.net\/5-olagan-genel-kurulumuz-isiyad-kultur-ve-turizm-eski-bakanimiz-bulent-akarcali-ve-milletvekillerimizin-katilimiyla-hilton-beylikduzu-otelinde-gerceklestirildi\/\" rel=\"bookmark\">\n\t\t\t\t\t\u0130S\u0130YAD&#8217;\u0131n 5. Ola\u011fan Genel Kurulu, K\u00fclt\u00fcr ve Turizm eski\t\t\t\t<\/a>\n\t\t\t<\/h3>\n\t\t\n\t\t\n\t\t\t\t\t\t\t\t\t\t<div class=\"wd-post-read-more wd-style-link read-more-section\">\n\t\t\t\t\t\t<a class=\"\" href=\"https:\/\/www.isiyad.net\/5-olagan-genel-kurulumuz-isiyad-kultur-ve-turizm-eski-bakanimiz-bulent-akarcali-ve-milletvekillerimizin-katilimiyla-hilton-beylikduzu-otelinde-gerceklestirildi\/\">Continue reading<\/a>\t\t\t\t\t<\/div>\n\t\t\t\t\t\t\t<\/div>\n\n\t\t\t<\/div>\n\t<\/article>\n\t\t\t\t\t\t\t\t\t\t\t\n<article id=\"post-32727\" class=\"wd-post blog-design-meta-image blog-post-loop blog-style-bg wd-col post-32727 post type-post status-publish format-standard has-post-thumbnail hentry category-haber\">\n\t\t\t<div class=\"wd-post-inner\">\n\t\n\t<div class=\"wd-post-thumb color-scheme-light\">\n\t\t\t\t\t<div class=\"wd-post-img\">\n\t\t\t\t<img width=\"678\" height=\"381\" src=\"https:\/\/www.isiyad.net\/wp-content\/uploads\/2025\/08\/AGUSTOS-2024_omerric1-678x381-1.jpg\" class=\"attachment-large size-large\" alt=\"AGUSTOS-2024_omerric1-678x381\" decoding=\"async\" srcset=\"https:\/\/www.isiyad.net\/wp-content\/uploads\/2025\/08\/AGUSTOS-2024_omerric1-678x381-1.jpg 678w, https:\/\/www.isiyad.net\/wp-content\/uploads\/2025\/08\/AGUSTOS-2024_omerric1-678x381-1-150x84.jpg 150w, https:\/\/www.isiyad.net\/wp-content\/uploads\/2025\/08\/AGUSTOS-2024_omerric1-678x381-1-300x169.jpg 300w\" sizes=\"(max-width: 678px) 100vw, 678px\" \/>\t\t\t<\/div>\n\t\t\n\t\t\t\t<a class=\"wd-post-link wd-fill\" href=\"https:\/\/www.isiyad.net\/ticaret-bakani-omer-bolat-tarihimizin-en-yuksek-temmuz\/\" rel=\"bookmark\" aria-label=\"Link on post Ticaret Bakan\u0131 \u00d6mer Bolat: Tarihimizin en y\u00fcksek temmuz\"><\/a>\n\n\t\t\t<\/div>\n\n\t<div class=\"wd-post-content\">\n\t\t<div class=\"wd-post-meta wd-post-entry-meta\">\n\t\t\t\n\t\t\t\n\t\t\t\t\t<\/div>\n\n\t\t\t\t\t<h3 class=\"wd-post-title wd-entities-title title post-title\">\n\t\t\t\t<a href=\"https:\/\/www.isiyad.net\/ticaret-bakani-omer-bolat-tarihimizin-en-yuksek-temmuz\/\" rel=\"bookmark\">\n\t\t\t\t\tTicaret Bakan\u0131 \u00d6mer Bolat: Tarihimizin en y\u00fcksek temmuz\t\t\t\t<\/a>\n\t\t\t<\/h3>\n\t\t\n\t\t\n\t\t\t\t\t\t\t\t\t\t<div class=\"wd-post-read-more wd-style-link read-more-section\">\n\t\t\t\t\t\t<a class=\"\" href=\"https:\/\/www.isiyad.net\/ticaret-bakani-omer-bolat-tarihimizin-en-yuksek-temmuz\/\">Continue reading<\/a>\t\t\t\t\t<\/div>\n\t\t\t\t\t\t\t<\/div>\n\n\t\t\t<\/div>\n\t<\/article>\n\t\t\t\t\t\n\t\t\t\t\t","status":"no-more-posts","nextPage":"?woo_ajax=1","currentPage":"https:\/\/www.isiyad.net\/blog\/page\/4"}