
			
				

					
				

			
		{"items":"\n\t\t\t\t\t\t\t\t\t\t\t\n<article id=\"post-34584\" class=\"wd-post blog-design-meta-image blog-post-loop blog-style-bg wd-col post-34584 post type-post status-publish format-standard has-post-thumbnail hentry category-haber\">\n\t\t\t<div class=\"wd-post-inner\">\n\t\n\t<div class=\"wd-post-thumb color-scheme-light\">\n\t\t\t\t\t<div class=\"wd-post-img\">\n\t\t\t\t<img width=\"678\" height=\"381\" src=\"https:\/\/www.isiyad.net\/wp-content\/uploads\/2025\/11\/Avrupa-Ekonomik-Senatosu-EES-16.-Bogazici-Zirvede-5-1024x589-1-678x381-1.jpg\" class=\"attachment-large size-large\" alt=\"\" decoding=\"async\" fetchpriority=\"high\" srcset=\"https:\/\/www.isiyad.net\/wp-content\/uploads\/2025\/11\/Avrupa-Ekonomik-Senatosu-EES-16.-Bogazici-Zirvede-5-1024x589-1-678x381-1.jpg 678w, https:\/\/www.isiyad.net\/wp-content\/uploads\/2025\/11\/Avrupa-Ekonomik-Senatosu-EES-16.-Bogazici-Zirvede-5-1024x589-1-678x381-1-300x169.jpg 300w, https:\/\/www.isiyad.net\/wp-content\/uploads\/2025\/11\/Avrupa-Ekonomik-Senatosu-EES-16.-Bogazici-Zirvede-5-1024x589-1-678x381-1-150x84.jpg 150w\" sizes=\"(max-width: 678px) 100vw, 678px\" \/>\t\t\t<\/div>\n\t\t\n\t\t\t\t<a class=\"wd-post-link wd-fill\" href=\"https:\/\/www.isiyad.net\/avrupa-ekonomi-senatosundan-turkiyeye-guclu-mesaj-yeni-dunyanin-denge-ulkesi-turkiye\/\" rel=\"bookmark\" aria-label=\"Link on post Avrupa Ekonomi Senatosu\u2019ndan T\u00fcrkiye\u2019ye G\u00fc\u00e7l\u00fc Mesaj; \u201cYeni&#8230;\"><\/a>\n\n\t\t\t<\/div>\n\n\t<div class=\"wd-post-content\">\n\t\t<div class=\"wd-post-meta wd-post-entry-meta\">\n\t\t\t\n\t\t\t\n\t\t\t\t\t<\/div>\n\n\t\t\t\t\t<h3 class=\"wd-post-title wd-entities-title title post-title\">\n\t\t\t\t<a href=\"https:\/\/www.isiyad.net\/avrupa-ekonomi-senatosundan-turkiyeye-guclu-mesaj-yeni-dunyanin-denge-ulkesi-turkiye\/\" rel=\"bookmark\">\n\t\t\t\t\tAvrupa Ekonomi Senatosu\u2019ndan T\u00fcrkiye\u2019ye G\u00fc\u00e7l\u00fc Mesaj; \u201cYeni&#8230;\t\t\t\t<\/a>\n\t\t\t<\/h3>\n\t\t\n\t\t\n\t\t\t\t\t\t\t\t\t\t<div class=\"wd-post-read-more wd-style-link read-more-section\">\n\t\t\t\t\t\t<a class=\"\" href=\"https:\/\/www.isiyad.net\/avrupa-ekonomi-senatosundan-turkiyeye-guclu-mesaj-yeni-dunyanin-denge-ulkesi-turkiye\/\">Continue reading<\/a>\t\t\t\t\t<\/div>\n\t\t\t\t\t\t\t<\/div>\n\n\t\t\t<\/div>\n\t<\/article>\n\t\t\t\t\t\t\t\t\t\t\t\n<article id=\"post-34586\" class=\"wd-post blog-design-meta-image blog-post-loop blog-style-bg wd-col post-34586 post type-post status-publish format-standard has-post-thumbnail hentry category-haber\">\n\t\t\t<div class=\"wd-post-inner\">\n\t\n\t<div class=\"wd-post-thumb color-scheme-light\">\n\t\t\t\t\t<div class=\"wd-post-img\">\n\t\t\t\t<img width=\"678\" height=\"381\" src=\"https:\/\/www.isiyad.net\/wp-content\/uploads\/2025\/11\/da7e3f2a-5eab-4b89-877e-f2f6854c954c-678x381-1.jpg\" class=\"attachment-large size-large\" alt=\"\" decoding=\"async\" srcset=\"https:\/\/www.isiyad.net\/wp-content\/uploads\/2025\/11\/da7e3f2a-5eab-4b89-877e-f2f6854c954c-678x381-1.jpg 678w, https:\/\/www.isiyad.net\/wp-content\/uploads\/2025\/11\/da7e3f2a-5eab-4b89-877e-f2f6854c954c-678x381-1-300x169.jpg 300w, https:\/\/www.isiyad.net\/wp-content\/uploads\/2025\/11\/da7e3f2a-5eab-4b89-877e-f2f6854c954c-678x381-1-150x84.jpg 150w\" sizes=\"(max-width: 678px) 100vw, 678px\" \/>\t\t\t<\/div>\n\t\t\n\t\t\t\t<a class=\"wd-post-link wd-fill\" href=\"https:\/\/www.isiyad.net\/is-dunyasi-platformu-tarafindan-duzenlenen-dubai-emlak-insaat-ve-ulastirma-konulu-toplantiyi-isiyad-olarak-katilim-sagladik\/\" rel=\"bookmark\" aria-label=\"Link on post \u0130\u015f D\u00fcnyas\u0131 Platformu taraf\u0131ndan d\u00fczenlenen &#8230;\"><\/a>\n\n\t\t\t<\/div>\n\n\t<div class=\"wd-post-content\">\n\t\t<div class=\"wd-post-meta wd-post-entry-meta\">\n\t\t\t\n\t\t\t\n\t\t\t\t\t<\/div>\n\n\t\t\t\t\t<h3 class=\"wd-post-title wd-entities-title title post-title\">\n\t\t\t\t<a href=\"https:\/\/www.isiyad.net\/is-dunyasi-platformu-tarafindan-duzenlenen-dubai-emlak-insaat-ve-ulastirma-konulu-toplantiyi-isiyad-olarak-katilim-sagladik\/\" rel=\"bookmark\">\n\t\t\t\t\t\u0130\u015f D\u00fcnyas\u0131 Platformu taraf\u0131ndan d\u00fczenlenen &#8230;\t\t\t\t<\/a>\n\t\t\t<\/h3>\n\t\t\n\t\t\n\t\t\t\t\t\t\t\t\t\t<div class=\"wd-post-read-more wd-style-link read-more-section\">\n\t\t\t\t\t\t<a class=\"\" href=\"https:\/\/www.isiyad.net\/is-dunyasi-platformu-tarafindan-duzenlenen-dubai-emlak-insaat-ve-ulastirma-konulu-toplantiyi-isiyad-olarak-katilim-sagladik\/\">Continue reading<\/a>\t\t\t\t\t<\/div>\n\t\t\t\t\t\t\t<\/div>\n\n\t\t\t<\/div>\n\t<\/article>\n\t\t\t\t\t\t\t\t\t\t\t\n<article id=\"post-34585\" class=\"wd-post blog-design-meta-image blog-post-loop blog-style-bg wd-col post-34585 post type-post status-publish format-standard has-post-thumbnail hentry category-haber\">\n\t\t\t<div class=\"wd-post-inner\">\n\t\n\t<div class=\"wd-post-thumb color-scheme-light\">\n\t\t\t\t\t<div class=\"wd-post-img\">\n\t\t\t\t<img width=\"842\" height=\"474\" src=\"https:\/\/www.isiyad.net\/wp-content\/uploads\/2025\/11\/vizede-hizli-cozumle-ticaret-kazanir_842x474_EVlnie2xQ6.webp\" class=\"attachment-large size-large\" alt=\"\" decoding=\"async\" srcset=\"https:\/\/www.isiyad.net\/wp-content\/uploads\/2025\/11\/vizede-hizli-cozumle-ticaret-kazanir_842x474_EVlnie2xQ6.webp 842w, https:\/\/www.isiyad.net\/wp-content\/uploads\/2025\/11\/vizede-hizli-cozumle-ticaret-kazanir_842x474_EVlnie2xQ6-300x169.webp 300w, https:\/\/www.isiyad.net\/wp-content\/uploads\/2025\/11\/vizede-hizli-cozumle-ticaret-kazanir_842x474_EVlnie2xQ6-768x432.webp 768w, https:\/\/www.isiyad.net\/wp-content\/uploads\/2025\/11\/vizede-hizli-cozumle-ticaret-kazanir_842x474_EVlnie2xQ6-150x84.webp 150w\" sizes=\"(max-width: 842px) 100vw, 842px\" \/>\t\t\t<\/div>\n\t\t\n\t\t\t\t<a class=\"wd-post-link wd-fill\" href=\"https:\/\/www.isiyad.net\/istanbul-ticaret-odasi-ito-avrupa-ulkelerinin-ticaret-temsilcilerini-istanbulda-agirladi\/\" rel=\"bookmark\" aria-label=\"Link on post \u0130stanbul Ticaret Odas\u0131 (\u0130TO), Avrupa \u00fclkelerinin &#8230;\"><\/a>\n\n\t\t\t<\/div>\n\n\t<div class=\"wd-post-content\">\n\t\t<div class=\"wd-post-meta wd-post-entry-meta\">\n\t\t\t\n\t\t\t\n\t\t\t\t\t<\/div>\n\n\t\t\t\t\t<h3 class=\"wd-post-title wd-entities-title title post-title\">\n\t\t\t\t<a href=\"https:\/\/www.isiyad.net\/istanbul-ticaret-odasi-ito-avrupa-ulkelerinin-ticaret-temsilcilerini-istanbulda-agirladi\/\" rel=\"bookmark\">\n\t\t\t\t\t\u0130stanbul Ticaret Odas\u0131 (\u0130TO), Avrupa \u00fclkelerinin &#8230;\t\t\t\t<\/a>\n\t\t\t<\/h3>\n\t\t\n\t\t\n\t\t\t\t\t\t\t\t\t\t<div class=\"wd-post-read-more wd-style-link read-more-section\">\n\t\t\t\t\t\t<a class=\"\" href=\"https:\/\/www.isiyad.net\/istanbul-ticaret-odasi-ito-avrupa-ulkelerinin-ticaret-temsilcilerini-istanbulda-agirladi\/\">Continue reading<\/a>\t\t\t\t\t<\/div>\n\t\t\t\t\t\t\t<\/div>\n\n\t\t\t<\/div>\n\t<\/article>\n\t\t\t\t\t\t\t\t\t\t\t\n<article id=\"post-34466\" class=\"wd-post blog-design-meta-image blog-post-loop blog-style-bg wd-col post-34466 post type-post status-publish format-standard has-post-thumbnail hentry category-haber\">\n\t\t\t<div class=\"wd-post-inner\">\n\t\n\t<div class=\"wd-post-thumb color-scheme-light\">\n\t\t\t\t\t<div class=\"wd-post-img\">\n\t\t\t\t<img width=\"678\" height=\"381\" src=\"https:\/\/www.isiyad.net\/wp-content\/uploads\/2025\/11\/IMG-20251030-WA0050-678x381-1.jpg\" class=\"attachment-large size-large\" alt=\"\" decoding=\"async\" srcset=\"https:\/\/www.isiyad.net\/wp-content\/uploads\/2025\/11\/IMG-20251030-WA0050-678x381-1.jpg 678w, https:\/\/www.isiyad.net\/wp-content\/uploads\/2025\/11\/IMG-20251030-WA0050-678x381-1-300x169.jpg 300w, https:\/\/www.isiyad.net\/wp-content\/uploads\/2025\/11\/IMG-20251030-WA0050-678x381-1-150x84.jpg 150w\" sizes=\"(max-width: 678px) 100vw, 678px\" \/>\t\t\t<\/div>\n\t\t\n\t\t\t\t<a class=\"wd-post-link wd-fill\" href=\"https:\/\/www.isiyad.net\/isiyad-genel-baskanimiz-cemal-coban-mhp-alanya-ilce-baskanimiz-mustafa-sumbul-baskanimiz-makaminda-ziyaret-ettiler\/\" rel=\"bookmark\" aria-label=\"Link on post \u0130S\u0130YAD Genel Ba\u015fkan\u0131m\u0131z Cemal \u00c7OBAN MHP &#8230;\"><\/a>\n\n\t\t\t<\/div>\n\n\t<div class=\"wd-post-content\">\n\t\t<div class=\"wd-post-meta wd-post-entry-meta\">\n\t\t\t\n\t\t\t\n\t\t\t\t\t<\/div>\n\n\t\t\t\t\t<h3 class=\"wd-post-title wd-entities-title title post-title\">\n\t\t\t\t<a href=\"https:\/\/www.isiyad.net\/isiyad-genel-baskanimiz-cemal-coban-mhp-alanya-ilce-baskanimiz-mustafa-sumbul-baskanimiz-makaminda-ziyaret-ettiler\/\" rel=\"bookmark\">\n\t\t\t\t\t\u0130S\u0130YAD Genel Ba\u015fkan\u0131m\u0131z Cemal \u00c7OBAN MHP &#8230;\t\t\t\t<\/a>\n\t\t\t<\/h3>\n\t\t\n\t\t\n\t\t\t\t\t\t\t\t\t\t<div class=\"wd-post-read-more wd-style-link read-more-section\">\n\t\t\t\t\t\t<a class=\"\" href=\"https:\/\/www.isiyad.net\/isiyad-genel-baskanimiz-cemal-coban-mhp-alanya-ilce-baskanimiz-mustafa-sumbul-baskanimiz-makaminda-ziyaret-ettiler\/\">Continue reading<\/a>\t\t\t\t\t<\/div>\n\t\t\t\t\t\t\t<\/div>\n\n\t\t\t<\/div>\n\t<\/article>\n\t\t\t\t\t\t\t\t\t\t\t\n<article id=\"post-34467\" class=\"wd-post blog-design-meta-image blog-post-loop blog-style-bg wd-col post-34467 post type-post status-publish format-standard has-post-thumbnail hentry category-haber\">\n\t\t\t<div class=\"wd-post-inner\">\n\t\n\t<div class=\"wd-post-thumb color-scheme-light\">\n\t\t\t\t\t<div class=\"wd-post-img\">\n\t\t\t\t<img width=\"678\" height=\"381\" src=\"https:\/\/www.isiyad.net\/wp-content\/uploads\/2025\/11\/20251029_091044-678x381-1.jpg\" class=\"attachment-large size-large\" alt=\"\" decoding=\"async\" srcset=\"https:\/\/www.isiyad.net\/wp-content\/uploads\/2025\/11\/20251029_091044-678x381-1.jpg 678w, https:\/\/www.isiyad.net\/wp-content\/uploads\/2025\/11\/20251029_091044-678x381-1-300x169.jpg 300w, https:\/\/www.isiyad.net\/wp-content\/uploads\/2025\/11\/20251029_091044-678x381-1-150x84.jpg 150w\" sizes=\"(max-width: 678px) 100vw, 678px\" \/>\t\t\t<\/div>\n\t\t\n\t\t\t\t<a class=\"wd-post-link wd-fill\" href=\"https:\/\/www.isiyad.net\/alanya-kaymakamligimizin-duzenlemis-oldugu-cumhuriyetmiin-102-yili-29-ekim-bayrami-torenlerine-sayin-isiyad-genel\/\" rel=\"bookmark\" aria-label=\"Link on post Alanya kaymakaml\u0131\u011f\u0131m\u0131z\u0131n D\u00fczenlemi\u015f oldu\u011fu &#8230;\"><\/a>\n\n\t\t\t<\/div>\n\n\t<div class=\"wd-post-content\">\n\t\t<div class=\"wd-post-meta wd-post-entry-meta\">\n\t\t\t\n\t\t\t\n\t\t\t\t\t<\/div>\n\n\t\t\t\t\t<h3 class=\"wd-post-title wd-entities-title title post-title\">\n\t\t\t\t<a href=\"https:\/\/www.isiyad.net\/alanya-kaymakamligimizin-duzenlemis-oldugu-cumhuriyetmiin-102-yili-29-ekim-bayrami-torenlerine-sayin-isiyad-genel\/\" rel=\"bookmark\">\n\t\t\t\t\tAlanya kaymakaml\u0131\u011f\u0131m\u0131z\u0131n D\u00fczenlemi\u015f oldu\u011fu &#8230;\t\t\t\t<\/a>\n\t\t\t<\/h3>\n\t\t\n\t\t\n\t\t\t\t\t\t\t\t\t\t<div class=\"wd-post-read-more wd-style-link read-more-section\">\n\t\t\t\t\t\t<a class=\"\" href=\"https:\/\/www.isiyad.net\/alanya-kaymakamligimizin-duzenlemis-oldugu-cumhuriyetmiin-102-yili-29-ekim-bayrami-torenlerine-sayin-isiyad-genel\/\">Continue reading<\/a>\t\t\t\t\t<\/div>\n\t\t\t\t\t\t\t<\/div>\n\n\t\t\t<\/div>\n\t<\/article>\n\t\t\t\t\t\t\t\t\t\t\t\n<article id=\"post-34465\" class=\"wd-post blog-design-meta-image blog-post-loop blog-style-bg wd-col post-34465 post type-post status-publish format-standard has-post-thumbnail hentry category-haber\">\n\t\t\t<div class=\"wd-post-inner\">\n\t\n\t<div class=\"wd-post-thumb color-scheme-light\">\n\t\t\t\t\t<div class=\"wd-post-img\">\n\t\t\t\t<img width=\"678\" height=\"381\" src=\"https:\/\/www.isiyad.net\/wp-content\/uploads\/2025\/11\/FB_IMG_1761393360277-678x381-1.jpg\" class=\"attachment-large size-large\" alt=\"\" decoding=\"async\" srcset=\"https:\/\/www.isiyad.net\/wp-content\/uploads\/2025\/11\/FB_IMG_1761393360277-678x381-1.jpg 678w, https:\/\/www.isiyad.net\/wp-content\/uploads\/2025\/11\/FB_IMG_1761393360277-678x381-1-300x169.jpg 300w, https:\/\/www.isiyad.net\/wp-content\/uploads\/2025\/11\/FB_IMG_1761393360277-678x381-1-150x84.jpg 150w\" sizes=\"(max-width: 678px) 100vw, 678px\" \/>\t\t\t<\/div>\n\t\t\n\t\t\t\t<a class=\"wd-post-link wd-fill\" href=\"https:\/\/www.isiyad.net\/irak-bagdat-basbakan-yardimcisi-ve-eski-mutesar\/\" rel=\"bookmark\" aria-label=\"Link on post Irak Ba\u011fdat Ba\u015fbakan Yard\u0131mc\u0131s\u0131 ve eski m\u00fcte\u015far\"><\/a>\n\n\t\t\t<\/div>\n\n\t<div class=\"wd-post-content\">\n\t\t<div class=\"wd-post-meta wd-post-entry-meta\">\n\t\t\t\n\t\t\t\n\t\t\t\t\t<\/div>\n\n\t\t\t\t\t<h3 class=\"wd-post-title wd-entities-title title post-title\">\n\t\t\t\t<a href=\"https:\/\/www.isiyad.net\/irak-bagdat-basbakan-yardimcisi-ve-eski-mutesar\/\" rel=\"bookmark\">\n\t\t\t\t\tIrak Ba\u011fdat Ba\u015fbakan Yard\u0131mc\u0131s\u0131 ve eski m\u00fcte\u015far\t\t\t\t<\/a>\n\t\t\t<\/h3>\n\t\t\n\t\t\n\t\t\t\t\t\t\t\t\t\t<div class=\"wd-post-read-more wd-style-link read-more-section\">\n\t\t\t\t\t\t<a class=\"\" href=\"https:\/\/www.isiyad.net\/irak-bagdat-basbakan-yardimcisi-ve-eski-mutesar\/\">Continue reading<\/a>\t\t\t\t\t<\/div>\n\t\t\t\t\t\t\t<\/div>\n\n\t\t\t<\/div>\n\t<\/article>\n\t\t\t\t\t\t\t\t\t\t\t\n<article id=\"post-33952\" class=\"wd-post blog-design-meta-image blog-post-loop blog-style-bg wd-col post-33952 post type-post status-publish format-standard has-post-thumbnail hentry category-haber\">\n\t\t\t<div class=\"wd-post-inner\">\n\t\n\t<div class=\"wd-post-thumb color-scheme-light\">\n\t\t\t\t\t<div class=\"wd-post-img\">\n\t\t\t\t<img width=\"678\" height=\"381\" src=\"https:\/\/www.isiyad.net\/wp-content\/uploads\/2025\/10\/ISIYAD-Baskani-Cemal-Cobandan-KKTC-Secimlerine-Destek-Mesaji.jpg\" class=\"attachment-large size-large\" alt=\"\" decoding=\"async\" srcset=\"https:\/\/www.isiyad.net\/wp-content\/uploads\/2025\/10\/ISIYAD-Baskani-Cemal-Cobandan-KKTC-Secimlerine-Destek-Mesaji.jpg 678w, https:\/\/www.isiyad.net\/wp-content\/uploads\/2025\/10\/ISIYAD-Baskani-Cemal-Cobandan-KKTC-Secimlerine-Destek-Mesaji-300x169.jpg 300w, https:\/\/www.isiyad.net\/wp-content\/uploads\/2025\/10\/ISIYAD-Baskani-Cemal-Cobandan-KKTC-Secimlerine-Destek-Mesaji-150x84.jpg 150w\" sizes=\"(max-width: 678px) 100vw, 678px\" \/>\t\t\t<\/div>\n\t\t\n\t\t\t\t<a class=\"wd-post-link wd-fill\" href=\"https:\/\/www.isiyad.net\/isiyad-baskani-cemal-cobandan-kktc-secimlerine-destek-mesaji\/\" rel=\"bookmark\" aria-label=\"Link on post \u0130S\u0130YAD Ba\u015fkan\u0131 Cemal \u00c7oban&#8217;dan KKTC Se\u00e7imlerine Destek Mesaj\u0131\"><\/a>\n\n\t\t\t<\/div>\n\n\t<div class=\"wd-post-content\">\n\t\t<div class=\"wd-post-meta wd-post-entry-meta\">\n\t\t\t\n\t\t\t\n\t\t\t\t\t<\/div>\n\n\t\t\t\t\t<h3 class=\"wd-post-title wd-entities-title title post-title\">\n\t\t\t\t<a href=\"https:\/\/www.isiyad.net\/isiyad-baskani-cemal-cobandan-kktc-secimlerine-destek-mesaji\/\" rel=\"bookmark\">\n\t\t\t\t\t\u0130S\u0130YAD Ba\u015fkan\u0131 Cemal \u00c7oban&#8217;dan KKTC Se\u00e7imlerine Destek Mesaj\u0131\t\t\t\t<\/a>\n\t\t\t<\/h3>\n\t\t\n\t\t\n\t\t\t\t\t\t\t\t\t\t<div class=\"wd-post-read-more wd-style-link read-more-section\">\n\t\t\t\t\t\t<a class=\"\" href=\"https:\/\/www.isiyad.net\/isiyad-baskani-cemal-cobandan-kktc-secimlerine-destek-mesaji\/\">Continue reading<\/a>\t\t\t\t\t<\/div>\n\t\t\t\t\t\t\t<\/div>\n\n\t\t\t<\/div>\n\t<\/article>\n\t\t\t\t\t\t\t\t\t\t\t\n<article id=\"post-33953\" class=\"wd-post blog-design-meta-image blog-post-loop blog-style-bg wd-col post-33953 post type-post status-publish format-standard has-post-thumbnail hentry category-haber\">\n\t\t\t<div class=\"wd-post-inner\">\n\t\n\t<div class=\"wd-post-thumb color-scheme-light\">\n\t\t\t\t\t<div class=\"wd-post-img\">\n\t\t\t\t<img width=\"678\" height=\"381\" src=\"https:\/\/www.isiyad.net\/wp-content\/uploads\/2025\/10\/5fe285f0-d214-4584-8463-4e74d6599660-678x381-1.jpg\" class=\"attachment-large size-large\" alt=\"\" decoding=\"async\" srcset=\"https:\/\/www.isiyad.net\/wp-content\/uploads\/2025\/10\/5fe285f0-d214-4584-8463-4e74d6599660-678x381-1.jpg 678w, https:\/\/www.isiyad.net\/wp-content\/uploads\/2025\/10\/5fe285f0-d214-4584-8463-4e74d6599660-678x381-1-300x169.jpg 300w, https:\/\/www.isiyad.net\/wp-content\/uploads\/2025\/10\/5fe285f0-d214-4584-8463-4e74d6599660-678x381-1-150x84.jpg 150w\" sizes=\"(max-width: 678px) 100vw, 678px\" \/>\t\t\t<\/div>\n\t\t\n\t\t\t\t<a class=\"wd-post-link wd-fill\" href=\"https:\/\/www.isiyad.net\/isiyad-temsilcisi-istanbulda-yatirim-ve-is-firsatlari-toplantisina-katildi\/\" rel=\"bookmark\" aria-label=\"Link on post \u0130S\u0130YAD Temsilcisi \u0130stanbul&#8217;da Yat\u0131r\u0131m ve \u0130\u015f F\u0131rsatlar\u0131 Toplant\u0131s\u0131na Kat\u0131ld\u0131\"><\/a>\n\n\t\t\t<\/div>\n\n\t<div class=\"wd-post-content\">\n\t\t<div class=\"wd-post-meta wd-post-entry-meta\">\n\t\t\t\n\t\t\t\n\t\t\t\t\t<\/div>\n\n\t\t\t\t\t<h3 class=\"wd-post-title wd-entities-title title post-title\">\n\t\t\t\t<a href=\"https:\/\/www.isiyad.net\/isiyad-temsilcisi-istanbulda-yatirim-ve-is-firsatlari-toplantisina-katildi\/\" rel=\"bookmark\">\n\t\t\t\t\t\u0130S\u0130YAD Temsilcisi \u0130stanbul&#8217;da Yat\u0131r\u0131m ve \u0130\u015f F\u0131rsatlar\u0131 Toplant\u0131s\u0131na Kat\u0131ld\u0131\t\t\t\t<\/a>\n\t\t\t<\/h3>\n\t\t\n\t\t\n\t\t\t\t\t\t\t\t\t\t<div class=\"wd-post-read-more wd-style-link read-more-section\">\n\t\t\t\t\t\t<a class=\"\" href=\"https:\/\/www.isiyad.net\/isiyad-temsilcisi-istanbulda-yatirim-ve-is-firsatlari-toplantisina-katildi\/\">Continue reading<\/a>\t\t\t\t\t<\/div>\n\t\t\t\t\t\t\t<\/div>\n\n\t\t\t<\/div>\n\t<\/article>\n\t\t\t\t\t\t\t\t\t\t\t\n<article id=\"post-33954\" class=\"wd-post blog-design-meta-image blog-post-loop blog-style-bg wd-col post-33954 post type-post status-publish format-standard has-post-thumbnail hentry category-haber\">\n\t\t\t<div class=\"wd-post-inner\">\n\t\n\t<div class=\"wd-post-thumb color-scheme-light\">\n\t\t\t\t\t<div class=\"wd-post-img\">\n\t\t\t\t<img width=\"678\" height=\"381\" src=\"https:\/\/www.isiyad.net\/wp-content\/uploads\/2025\/10\/ISIYADin-53.-AYDINLAR-OKYANUS-Buyuk-Konseyindeki-Varligi.jpg\" class=\"attachment-large size-large\" alt=\"\" decoding=\"async\" srcset=\"https:\/\/www.isiyad.net\/wp-content\/uploads\/2025\/10\/ISIYADin-53.-AYDINLAR-OKYANUS-Buyuk-Konseyindeki-Varligi.jpg 678w, https:\/\/www.isiyad.net\/wp-content\/uploads\/2025\/10\/ISIYADin-53.-AYDINLAR-OKYANUS-Buyuk-Konseyindeki-Varligi-300x169.jpg 300w, https:\/\/www.isiyad.net\/wp-content\/uploads\/2025\/10\/ISIYADin-53.-AYDINLAR-OKYANUS-Buyuk-Konseyindeki-Varligi-150x84.jpg 150w\" sizes=\"(max-width: 678px) 100vw, 678px\" \/>\t\t\t<\/div>\n\t\t\n\t\t\t\t<a class=\"wd-post-link wd-fill\" href=\"https:\/\/www.isiyad.net\/isiyadin-53-aydinlar-okyanus-buyuk-konseyindeki-varligi\/\" rel=\"bookmark\" aria-label=\"Link on post ISIYAD&#8217;\u0131n 53. AYDINLAR OKYANUS B\u00fcy\u00fck Konseyi&#8217;ndeki Varl\u0131\u011f\u0131\"><\/a>\n\n\t\t\t<\/div>\n\n\t<div class=\"wd-post-content\">\n\t\t<div class=\"wd-post-meta wd-post-entry-meta\">\n\t\t\t\n\t\t\t\n\t\t\t\t\t<\/div>\n\n\t\t\t\t\t<h3 class=\"wd-post-title wd-entities-title title post-title\">\n\t\t\t\t<a href=\"https:\/\/www.isiyad.net\/isiyadin-53-aydinlar-okyanus-buyuk-konseyindeki-varligi\/\" rel=\"bookmark\">\n\t\t\t\t\tISIYAD&#8217;\u0131n 53. AYDINLAR OKYANUS B\u00fcy\u00fck Konseyi&#8217;ndeki Varl\u0131\u011f\u0131\t\t\t\t<\/a>\n\t\t\t<\/h3>\n\t\t\n\t\t\n\t\t\t\t\t\t\t\t\t\t<div class=\"wd-post-read-more wd-style-link read-more-section\">\n\t\t\t\t\t\t<a class=\"\" href=\"https:\/\/www.isiyad.net\/isiyadin-53-aydinlar-okyanus-buyuk-konseyindeki-varligi\/\">Continue reading<\/a>\t\t\t\t\t<\/div>\n\t\t\t\t\t\t\t<\/div>\n\n\t\t\t<\/div>\n\t<\/article>\n\t\t\t\t\t\t\t\t\t\t\t\n<article id=\"post-33897\" class=\"wd-post blog-design-meta-image blog-post-loop blog-style-bg wd-col post-33897 post type-post status-publish format-standard has-post-thumbnail hentry category-haber\">\n\t\t\t<div class=\"wd-post-inner\">\n\t\n\t<div class=\"wd-post-thumb color-scheme-light\">\n\t\t\t\t\t<div class=\"wd-post-img\">\n\t\t\t\t<img width=\"678\" height=\"381\" src=\"https:\/\/www.isiyad.net\/wp-content\/uploads\/2025\/10\/IRAN-Tahran-Ticaret-odasi-Baskan-vekili-Aliriza-KIANI-ve-heyetini-ISIYAD-Genel-Merkezinde-Agirladik1.jpg\" class=\"attachment-large size-large\" alt=\"\u0130RAN Tahran Ticaret odas\u0131 Ba\u015fkan vekili Alir\u0131za K\u0130AN\u0130 ve heyetini \u0130S\u0130YAD Genel Merkezinde A\u011f\u0131rlad\u0131k1\" decoding=\"async\" srcset=\"https:\/\/www.isiyad.net\/wp-content\/uploads\/2025\/10\/IRAN-Tahran-Ticaret-odasi-Baskan-vekili-Aliriza-KIANI-ve-heyetini-ISIYAD-Genel-Merkezinde-Agirladik1.jpg 678w, https:\/\/www.isiyad.net\/wp-content\/uploads\/2025\/10\/IRAN-Tahran-Ticaret-odasi-Baskan-vekili-Aliriza-KIANI-ve-heyetini-ISIYAD-Genel-Merkezinde-Agirladik1-300x169.jpg 300w, https:\/\/www.isiyad.net\/wp-content\/uploads\/2025\/10\/IRAN-Tahran-Ticaret-odasi-Baskan-vekili-Aliriza-KIANI-ve-heyetini-ISIYAD-Genel-Merkezinde-Agirladik1-150x84.jpg 150w\" sizes=\"(max-width: 678px) 100vw, 678px\" \/>\t\t\t<\/div>\n\t\t\n\t\t\t\t<a class=\"wd-post-link wd-fill\" href=\"https:\/\/www.isiyad.net\/isiyad-genel-merkezi-tahran-ticaret-odasi-baskan-yardimcisi-ve-eslik-eden-heyeti-agirladi\/\" rel=\"bookmark\" aria-label=\"Link on post ISIYAD Genel Merkezi, Tahran Ticaret Odas\u0131 Ba\u015fkan Yard\u0131mc\u0131s\u0131 ve E\u015flik Eden Heyeti A\u011f\u0131rlad\u0131\"><\/a>\n\n\t\t\t<\/div>\n\n\t<div class=\"wd-post-content\">\n\t\t<div class=\"wd-post-meta wd-post-entry-meta\">\n\t\t\t\n\t\t\t\n\t\t\t\t\t<\/div>\n\n\t\t\t\t\t<h3 class=\"wd-post-title wd-entities-title title post-title\">\n\t\t\t\t<a href=\"https:\/\/www.isiyad.net\/isiyad-genel-merkezi-tahran-ticaret-odasi-baskan-yardimcisi-ve-eslik-eden-heyeti-agirladi\/\" rel=\"bookmark\">\n\t\t\t\t\tISIYAD Genel Merkezi, Tahran Ticaret Odas\u0131 Ba\u015fkan Yard\u0131mc\u0131s\u0131 ve E\u015flik Eden Heyeti A\u011f\u0131rlad\u0131\t\t\t\t<\/a>\n\t\t\t<\/h3>\n\t\t\n\t\t\n\t\t\t\t\t\t\t\t\t\t<div class=\"wd-post-read-more wd-style-link read-more-section\">\n\t\t\t\t\t\t<a class=\"\" href=\"https:\/\/www.isiyad.net\/isiyad-genel-merkezi-tahran-ticaret-odasi-baskan-yardimcisi-ve-eslik-eden-heyeti-agirladi\/\">Continue reading<\/a>\t\t\t\t\t<\/div>\n\t\t\t\t\t\t\t<\/div>\n\n\t\t\t<\/div>\n\t<\/article>\n\t\t\t\t\t\n\t\t\t\t\t","status":"have-posts","nextPage":"https:\/\/www.isiyad.net\/blog\/page\/4\/?woo_ajax=1","currentPage":"https:\/\/www.isiyad.net\/blog\/page\/3"}