
			
				

					
				

			
		{"items":"\n\t\t\t\t\t\t\t\t\t\t\t\n<article id=\"post-34804\" class=\"wd-post blog-design-meta-image blog-post-loop blog-style-bg wd-col post-34804 post type-post status-publish format-standard has-post-thumbnail hentry category-haber\">\n\t\t\t<div class=\"wd-post-inner\">\n\t\n\t<div class=\"wd-post-thumb color-scheme-light\">\n\t\t\t\t\t<div class=\"wd-post-img\">\n\t\t\t\t<img width=\"678\" height=\"381\" src=\"https:\/\/www.isiyad.net\/wp-content\/uploads\/2025\/12\/ISIYAD-Dernegimizin-5-Olagan-Genel-Kurul-Toplanti-DUYURUSUz-1.jpg\" class=\"attachment-large size-large\" alt=\"\u0130S\u0130YAD Derne\u011fimizin 5 Ola\u011fan Genel Kurul Toplant\u0131 DUYURUSUz\" decoding=\"async\" fetchpriority=\"high\" srcset=\"https:\/\/www.isiyad.net\/wp-content\/uploads\/2025\/12\/ISIYAD-Dernegimizin-5-Olagan-Genel-Kurul-Toplanti-DUYURUSUz-1.jpg 678w, https:\/\/www.isiyad.net\/wp-content\/uploads\/2025\/12\/ISIYAD-Dernegimizin-5-Olagan-Genel-Kurul-Toplanti-DUYURUSUz-1-300x169.jpg 300w, https:\/\/www.isiyad.net\/wp-content\/uploads\/2025\/12\/ISIYAD-Dernegimizin-5-Olagan-Genel-Kurul-Toplanti-DUYURUSUz-1-150x84.jpg 150w\" sizes=\"(max-width: 678px) 100vw, 678px\" \/>\t\t\t<\/div>\n\t\t\n\t\t\t\t<a class=\"wd-post-link wd-fill\" href=\"https:\/\/www.isiyad.net\/isiyad-dernegimizin-5-olagan-genel-kurul-toplanti-duyurusuz\/\" rel=\"bookmark\" aria-label=\"Link on post \u0130S\u0130YAD Derne\u011fimizin 5  Ola\u011fan Genel Kurul Toplant\u0131 DUYURUSUz\"><\/a>\n\n\t\t\t<\/div>\n\n\t<div class=\"wd-post-content\">\n\t\t<div class=\"wd-post-meta wd-post-entry-meta\">\n\t\t\t\n\t\t\t\n\t\t\t\t\t<\/div>\n\n\t\t\t\t\t<h3 class=\"wd-post-title wd-entities-title title post-title\">\n\t\t\t\t<a href=\"https:\/\/www.isiyad.net\/isiyad-dernegimizin-5-olagan-genel-kurul-toplanti-duyurusuz\/\" rel=\"bookmark\">\n\t\t\t\t\t\u0130S\u0130YAD Derne\u011fimizin 5  Ola\u011fan Genel Kurul Toplant\u0131 DUYURUSUz\t\t\t\t<\/a>\n\t\t\t<\/h3>\n\t\t\n\t\t\n\t\t\t\t\t\t\t\t\t\t<div class=\"wd-post-read-more wd-style-link read-more-section\">\n\t\t\t\t\t\t<a class=\"\" href=\"https:\/\/www.isiyad.net\/isiyad-dernegimizin-5-olagan-genel-kurul-toplanti-duyurusuz\/\">Continue reading<\/a>\t\t\t\t\t<\/div>\n\t\t\t\t\t\t\t<\/div>\n\n\t\t\t<\/div>\n\t<\/article>\n\t\t\t\t\t\t\t\t\t\t\t\n<article id=\"post-34805\" class=\"wd-post blog-design-meta-image blog-post-loop blog-style-bg wd-col post-34805 post type-post status-publish format-standard has-post-thumbnail hentry category-haber\">\n\t\t\t<div class=\"wd-post-inner\">\n\t\n\t<div class=\"wd-post-thumb color-scheme-light\">\n\t\t\t\t\t<div class=\"wd-post-img\">\n\t\t\t\t<img width=\"678\" height=\"381\" src=\"https:\/\/www.isiyad.net\/wp-content\/uploads\/2025\/12\/0ff73337-7d27-4c14-9ce7-e6a29af768b5-678x381-1.jpg\" class=\"attachment-large size-large\" alt=\"\" decoding=\"async\" srcset=\"https:\/\/www.isiyad.net\/wp-content\/uploads\/2025\/12\/0ff73337-7d27-4c14-9ce7-e6a29af768b5-678x381-1.jpg 678w, https:\/\/www.isiyad.net\/wp-content\/uploads\/2025\/12\/0ff73337-7d27-4c14-9ce7-e6a29af768b5-678x381-1-300x169.jpg 300w, https:\/\/www.isiyad.net\/wp-content\/uploads\/2025\/12\/0ff73337-7d27-4c14-9ce7-e6a29af768b5-678x381-1-150x84.jpg 150w\" sizes=\"(max-width: 678px) 100vw, 678px\" \/>\t\t\t<\/div>\n\t\t\n\t\t\t\t<a class=\"wd-post-link wd-fill\" href=\"https:\/\/www.isiyad.net\/isiyad-istisare-toplantisi-istanbul-beylikduzu-hilton-garden\/\" rel=\"bookmark\" aria-label=\"Link on post \u0130S\u0130YAD i\u015fti\u015fare Toplant\u0131s\u0131 \u0130stanbul Beylikd\u00fcz\u00fc Hilton Garden &#8230;\"><\/a>\n\n\t\t\t<\/div>\n\n\t<div class=\"wd-post-content\">\n\t\t<div class=\"wd-post-meta wd-post-entry-meta\">\n\t\t\t\n\t\t\t\n\t\t\t\t\t<\/div>\n\n\t\t\t\t\t<h3 class=\"wd-post-title wd-entities-title title post-title\">\n\t\t\t\t<a href=\"https:\/\/www.isiyad.net\/isiyad-istisare-toplantisi-istanbul-beylikduzu-hilton-garden\/\" rel=\"bookmark\">\n\t\t\t\t\t\u0130S\u0130YAD i\u015fti\u015fare Toplant\u0131s\u0131 \u0130stanbul Beylikd\u00fcz\u00fc Hilton Garden &#8230;\t\t\t\t<\/a>\n\t\t\t<\/h3>\n\t\t\n\t\t\n\t\t\t\t\t\t\t\t\t\t<div class=\"wd-post-read-more wd-style-link read-more-section\">\n\t\t\t\t\t\t<a class=\"\" href=\"https:\/\/www.isiyad.net\/isiyad-istisare-toplantisi-istanbul-beylikduzu-hilton-garden\/\">Continue reading<\/a>\t\t\t\t\t<\/div>\n\t\t\t\t\t\t\t<\/div>\n\n\t\t\t<\/div>\n\t<\/article>\n\t\t\t\t\t\t\t\t\t\t\t\n<article id=\"post-34806\" class=\"wd-post blog-design-meta-image blog-post-loop blog-style-bg wd-col post-34806 post type-post status-publish format-standard has-post-thumbnail hentry category-haber\">\n\t\t\t<div class=\"wd-post-inner\">\n\t\n\t<div class=\"wd-post-thumb color-scheme-light\">\n\t\t\t\t\t<div class=\"wd-post-img\">\n\t\t\t\t<img width=\"678\" height=\"381\" src=\"https:\/\/www.isiyad.net\/wp-content\/uploads\/2025\/12\/2025-12-18-Odul-17-678x381-1.jpg\" class=\"attachment-large size-large\" alt=\"\" decoding=\"async\" srcset=\"https:\/\/www.isiyad.net\/wp-content\/uploads\/2025\/12\/2025-12-18-Odul-17-678x381-1.jpg 678w, https:\/\/www.isiyad.net\/wp-content\/uploads\/2025\/12\/2025-12-18-Odul-17-678x381-1-300x169.jpg 300w, https:\/\/www.isiyad.net\/wp-content\/uploads\/2025\/12\/2025-12-18-Odul-17-678x381-1-150x84.jpg 150w\" sizes=\"(max-width: 678px) 100vw, 678px\" \/>\t\t\t<\/div>\n\t\t\n\t\t\t\t<a class=\"wd-post-link wd-fill\" href=\"https:\/\/www.isiyad.net\/cumhurbaskani-erdogan-cumhurbaskanligi-kultur-ve-sanat-buyuk\/\" rel=\"bookmark\" aria-label=\"Link on post Cumhurba\u015fkan\u0131 Erdo\u011fan, Cumhurba\u015fkanl\u0131\u011f\u0131 K\u00fclt\u00fcr ve &#8230;\"><\/a>\n\n\t\t\t<\/div>\n\n\t<div class=\"wd-post-content\">\n\t\t<div class=\"wd-post-meta wd-post-entry-meta\">\n\t\t\t\n\t\t\t\n\t\t\t\t\t<\/div>\n\n\t\t\t\t\t<h3 class=\"wd-post-title wd-entities-title title post-title\">\n\t\t\t\t<a href=\"https:\/\/www.isiyad.net\/cumhurbaskani-erdogan-cumhurbaskanligi-kultur-ve-sanat-buyuk\/\" rel=\"bookmark\">\n\t\t\t\t\tCumhurba\u015fkan\u0131 Erdo\u011fan, Cumhurba\u015fkanl\u0131\u011f\u0131 K\u00fclt\u00fcr ve &#8230;\t\t\t\t<\/a>\n\t\t\t<\/h3>\n\t\t\n\t\t\n\t\t\t\t\t\t\t\t\t\t<div class=\"wd-post-read-more wd-style-link read-more-section\">\n\t\t\t\t\t\t<a class=\"\" href=\"https:\/\/www.isiyad.net\/cumhurbaskani-erdogan-cumhurbaskanligi-kultur-ve-sanat-buyuk\/\">Continue reading<\/a>\t\t\t\t\t<\/div>\n\t\t\t\t\t\t\t<\/div>\n\n\t\t\t<\/div>\n\t<\/article>\n\t\t\t\t\t\t\t\t\t\t\t\n<article id=\"post-34807\" class=\"wd-post blog-design-meta-image blog-post-loop blog-style-bg wd-col post-34807 post type-post status-publish format-standard has-post-thumbnail hentry category-haber\">\n\t\t\t<div class=\"wd-post-inner\">\n\t\n\t<div class=\"wd-post-thumb color-scheme-light\">\n\t\t\t\t\t<div class=\"wd-post-img\">\n\t\t\t\t<img width=\"678\" height=\"381\" src=\"https:\/\/www.isiyad.net\/wp-content\/uploads\/2025\/12\/f0596151-3d84-451e-b142-7a8d1ca56fde-678x381-1.jpg\" class=\"attachment-large size-large\" alt=\"\" decoding=\"async\" srcset=\"https:\/\/www.isiyad.net\/wp-content\/uploads\/2025\/12\/f0596151-3d84-451e-b142-7a8d1ca56fde-678x381-1.jpg 678w, https:\/\/www.isiyad.net\/wp-content\/uploads\/2025\/12\/f0596151-3d84-451e-b142-7a8d1ca56fde-678x381-1-300x169.jpg 300w, https:\/\/www.isiyad.net\/wp-content\/uploads\/2025\/12\/f0596151-3d84-451e-b142-7a8d1ca56fde-678x381-1-150x84.jpg 150w\" sizes=\"(max-width: 678px) 100vw, 678px\" \/>\t\t\t<\/div>\n\t\t\n\t\t\t\t<a class=\"wd-post-link wd-fill\" href=\"https:\/\/www.isiyad.net\/dernegimize-yeni-uye-olan-is-insanlarini-dernek-genel-merkezinde-agirladik\/\" rel=\"bookmark\" aria-label=\"Link on post DERNE\u011e\u0130M\u0130ZE YEN\u0130. \u00dcYE. OLAN \u0130\u015e. \u0130NSANLARINI&#8230;\"><\/a>\n\n\t\t\t<\/div>\n\n\t<div class=\"wd-post-content\">\n\t\t<div class=\"wd-post-meta wd-post-entry-meta\">\n\t\t\t\n\t\t\t\n\t\t\t\t\t<\/div>\n\n\t\t\t\t\t<h3 class=\"wd-post-title wd-entities-title title post-title\">\n\t\t\t\t<a href=\"https:\/\/www.isiyad.net\/dernegimize-yeni-uye-olan-is-insanlarini-dernek-genel-merkezinde-agirladik\/\" rel=\"bookmark\">\n\t\t\t\t\tDERNE\u011e\u0130M\u0130ZE YEN\u0130. \u00dcYE. OLAN \u0130\u015e. \u0130NSANLARINI&#8230;\t\t\t\t<\/a>\n\t\t\t<\/h3>\n\t\t\n\t\t\n\t\t\t\t\t\t\t\t\t\t<div class=\"wd-post-read-more wd-style-link read-more-section\">\n\t\t\t\t\t\t<a class=\"\" href=\"https:\/\/www.isiyad.net\/dernegimize-yeni-uye-olan-is-insanlarini-dernek-genel-merkezinde-agirladik\/\">Continue reading<\/a>\t\t\t\t\t<\/div>\n\t\t\t\t\t\t\t<\/div>\n\n\t\t\t<\/div>\n\t<\/article>\n\t\t\t\t\t\t\t\t\t\t\t\n<article id=\"post-34808\" class=\"wd-post blog-design-meta-image blog-post-loop blog-style-bg wd-col post-34808 post type-post status-publish format-standard has-post-thumbnail hentry category-haber\">\n\t\t\t<div class=\"wd-post-inner\">\n\t\n\t<div class=\"wd-post-thumb color-scheme-light\">\n\t\t\t\t\t<div class=\"wd-post-img\">\n\t\t\t\t<img width=\"678\" height=\"381\" src=\"https:\/\/www.isiyad.net\/wp-content\/uploads\/2025\/12\/Business-World-Platform-ve-ISIYAD-ile-Nova-Healthcare-bunyesindeki-Hastane-Grubu.jpg\" class=\"attachment-large size-large\" alt=\"\" decoding=\"async\" srcset=\"https:\/\/www.isiyad.net\/wp-content\/uploads\/2025\/12\/Business-World-Platform-ve-ISIYAD-ile-Nova-Healthcare-bunyesindeki-Hastane-Grubu.jpg 678w, https:\/\/www.isiyad.net\/wp-content\/uploads\/2025\/12\/Business-World-Platform-ve-ISIYAD-ile-Nova-Healthcare-bunyesindeki-Hastane-Grubu-300x169.jpg 300w, https:\/\/www.isiyad.net\/wp-content\/uploads\/2025\/12\/Business-World-Platform-ve-ISIYAD-ile-Nova-Healthcare-bunyesindeki-Hastane-Grubu-150x84.jpg 150w\" sizes=\"(max-width: 678px) 100vw, 678px\" \/>\t\t\t<\/div>\n\t\t\n\t\t\t\t<a class=\"wd-post-link wd-fill\" href=\"https:\/\/www.isiyad.net\/business-world-platform-ve-isiyad-ile-nova-healthcare-bunyesindeki-hastane-grubu\/\" rel=\"bookmark\" aria-label=\"Link on post Business World Platform ve \u0130S\u0130YAD ile Nova Healthcare &#8230;\"><\/a>\n\n\t\t\t<\/div>\n\n\t<div class=\"wd-post-content\">\n\t\t<div class=\"wd-post-meta wd-post-entry-meta\">\n\t\t\t\n\t\t\t\n\t\t\t\t\t<\/div>\n\n\t\t\t\t\t<h3 class=\"wd-post-title wd-entities-title title post-title\">\n\t\t\t\t<a href=\"https:\/\/www.isiyad.net\/business-world-platform-ve-isiyad-ile-nova-healthcare-bunyesindeki-hastane-grubu\/\" rel=\"bookmark\">\n\t\t\t\t\tBusiness World Platform ve \u0130S\u0130YAD ile Nova Healthcare &#8230;\t\t\t\t<\/a>\n\t\t\t<\/h3>\n\t\t\n\t\t\n\t\t\t\t\t\t\t\t\t\t<div class=\"wd-post-read-more wd-style-link read-more-section\">\n\t\t\t\t\t\t<a class=\"\" href=\"https:\/\/www.isiyad.net\/business-world-platform-ve-isiyad-ile-nova-healthcare-bunyesindeki-hastane-grubu\/\">Continue reading<\/a>\t\t\t\t\t<\/div>\n\t\t\t\t\t\t\t<\/div>\n\n\t\t\t<\/div>\n\t<\/article>\n\t\t\t\t\t\t\t\t\t\t\t\n<article id=\"post-34809\" class=\"wd-post blog-design-meta-image blog-post-loop blog-style-bg wd-col post-34809 post type-post status-publish format-standard has-post-thumbnail hentry category-haber\">\n\t\t\t<div class=\"wd-post-inner\">\n\t\n\t<div class=\"wd-post-thumb color-scheme-light\">\n\t\t\t\t\t<div class=\"wd-post-img\">\n\t\t\t\t<img width=\"678\" height=\"381\" src=\"https:\/\/www.isiyad.net\/wp-content\/uploads\/2025\/12\/2025-12-05-KadinZirvesi-21-678x381-1.jpg\" class=\"attachment-large size-large\" alt=\"\" decoding=\"async\" srcset=\"https:\/\/www.isiyad.net\/wp-content\/uploads\/2025\/12\/2025-12-05-KadinZirvesi-21-678x381-1.jpg 678w, https:\/\/www.isiyad.net\/wp-content\/uploads\/2025\/12\/2025-12-05-KadinZirvesi-21-678x381-1-300x169.jpg 300w, https:\/\/www.isiyad.net\/wp-content\/uploads\/2025\/12\/2025-12-05-KadinZirvesi-21-678x381-1-150x84.jpg 150w\" sizes=\"(max-width: 678px) 100vw, 678px\" \/>\t\t\t<\/div>\n\t\t\n\t\t\t\t<a class=\"wd-post-link wd-fill\" href=\"https:\/\/www.isiyad.net\/ideal-ve-adil-bir-toplumsal-hayat-ancak-kadinlarin-soz-ve-hak-sahibi-olmalariyla-mumkundur\/\" rel=\"bookmark\" aria-label=\"Link on post \u0130deal ve adil bir toplumsal hayat ancak kad\u0131nlar\u0131n s\u00f6z ve&#8230;\"><\/a>\n\n\t\t\t<\/div>\n\n\t<div class=\"wd-post-content\">\n\t\t<div class=\"wd-post-meta wd-post-entry-meta\">\n\t\t\t\n\t\t\t\n\t\t\t\t\t<\/div>\n\n\t\t\t\t\t<h3 class=\"wd-post-title wd-entities-title title post-title\">\n\t\t\t\t<a href=\"https:\/\/www.isiyad.net\/ideal-ve-adil-bir-toplumsal-hayat-ancak-kadinlarin-soz-ve-hak-sahibi-olmalariyla-mumkundur\/\" rel=\"bookmark\">\n\t\t\t\t\t\u0130deal ve adil bir toplumsal hayat ancak kad\u0131nlar\u0131n s\u00f6z ve&#8230;\t\t\t\t<\/a>\n\t\t\t<\/h3>\n\t\t\n\t\t\n\t\t\t\t\t\t\t\t\t\t<div class=\"wd-post-read-more wd-style-link read-more-section\">\n\t\t\t\t\t\t<a class=\"\" href=\"https:\/\/www.isiyad.net\/ideal-ve-adil-bir-toplumsal-hayat-ancak-kadinlarin-soz-ve-hak-sahibi-olmalariyla-mumkundur\/\">Continue reading<\/a>\t\t\t\t\t<\/div>\n\t\t\t\t\t\t\t<\/div>\n\n\t\t\t<\/div>\n\t<\/article>\n\t\t\t\t\t\t\t\t\t\t\t\n<article id=\"post-34759\" class=\"wd-post blog-design-meta-image blog-post-loop blog-style-bg wd-col post-34759 post type-post status-publish format-standard has-post-thumbnail hentry category-haber\">\n\t\t\t<div class=\"wd-post-inner\">\n\t\n\t<div class=\"wd-post-thumb color-scheme-light\">\n\t\t\t\t\t<div class=\"wd-post-img\">\n\t\t\t\t<img width=\"678\" height=\"381\" src=\"https:\/\/www.isiyad.net\/wp-content\/uploads\/2025\/12\/Murat-KILINCin-avukatligi-27.12.2025-tarihinde-Istanbul-Barosunda-yapildi.jpg\" class=\"attachment-large size-large\" alt=\"\" decoding=\"async\" srcset=\"https:\/\/www.isiyad.net\/wp-content\/uploads\/2025\/12\/Murat-KILINCin-avukatligi-27.12.2025-tarihinde-Istanbul-Barosunda-yapildi.jpg 678w, https:\/\/www.isiyad.net\/wp-content\/uploads\/2025\/12\/Murat-KILINCin-avukatligi-27.12.2025-tarihinde-Istanbul-Barosunda-yapildi-300x169.jpg 300w, https:\/\/www.isiyad.net\/wp-content\/uploads\/2025\/12\/Murat-KILINCin-avukatligi-27.12.2025-tarihinde-Istanbul-Barosunda-yapildi-150x84.jpg 150w\" sizes=\"(max-width: 678px) 100vw, 678px\" \/>\t\t\t<\/div>\n\t\t\n\t\t\t\t<a class=\"wd-post-link wd-fill\" href=\"https:\/\/www.isiyad.net\/murat-kilincin-avukatligi-27-12-2025-tarihinde-istanbul-barosunda-yapildi\/\" rel=\"bookmark\" aria-label=\"Link on post Murat KILIN\u00c7&#8217;\u0131n avukatl\u0131\u011f\u0131 27.12.2025 tarihinde \u0130stanbul Barosu&#8217;nda yap\u0131ld\u0131.\"><\/a>\n\n\t\t\t<\/div>\n\n\t<div class=\"wd-post-content\">\n\t\t<div class=\"wd-post-meta wd-post-entry-meta\">\n\t\t\t\n\t\t\t\n\t\t\t\t\t<\/div>\n\n\t\t\t\t\t<h3 class=\"wd-post-title wd-entities-title title post-title\">\n\t\t\t\t<a href=\"https:\/\/www.isiyad.net\/murat-kilincin-avukatligi-27-12-2025-tarihinde-istanbul-barosunda-yapildi\/\" rel=\"bookmark\">\n\t\t\t\t\tMurat KILIN\u00c7&#8217;\u0131n avukatl\u0131\u011f\u0131 27.12.2025 tarihinde \u0130stanbul Barosu&#8217;nda yap\u0131ld\u0131.\t\t\t\t<\/a>\n\t\t\t<\/h3>\n\t\t\n\t\t\n\t\t\t\t\t\t\t\t\t\t<div class=\"wd-post-read-more wd-style-link read-more-section\">\n\t\t\t\t\t\t<a class=\"\" href=\"https:\/\/www.isiyad.net\/murat-kilincin-avukatligi-27-12-2025-tarihinde-istanbul-barosunda-yapildi\/\">Continue reading<\/a>\t\t\t\t\t<\/div>\n\t\t\t\t\t\t\t<\/div>\n\n\t\t\t<\/div>\n\t<\/article>\n\t\t\t\t\t\t\t\t\t\t\t\n<article id=\"post-34760\" class=\"wd-post blog-design-meta-image blog-post-loop blog-style-bg wd-col post-34760 post type-post status-publish format-standard has-post-thumbnail hentry category-haber\">\n\t\t\t<div class=\"wd-post-inner\">\n\t\n\t<div class=\"wd-post-thumb color-scheme-light\">\n\t\t\t\t\t<div class=\"wd-post-img\">\n\t\t\t\t<img width=\"678\" height=\"381\" src=\"https:\/\/www.isiyad.net\/wp-content\/uploads\/2025\/12\/Terorsuz-Turkiye-icin.jpg\" class=\"attachment-large size-large\" alt=\"Ter\u00f6rs\u00fcz T\u00fcrkiye i\u00e7in\" decoding=\"async\" srcset=\"https:\/\/www.isiyad.net\/wp-content\/uploads\/2025\/12\/Terorsuz-Turkiye-icin.jpg 678w, https:\/\/www.isiyad.net\/wp-content\/uploads\/2025\/12\/Terorsuz-Turkiye-icin-300x169.jpg 300w, https:\/\/www.isiyad.net\/wp-content\/uploads\/2025\/12\/Terorsuz-Turkiye-icin-150x84.jpg 150w\" sizes=\"(max-width: 678px) 100vw, 678px\" \/>\t\t\t<\/div>\n\t\t\n\t\t\t\t<a class=\"wd-post-link wd-fill\" href=\"https:\/\/www.isiyad.net\/terorsuz-turkiye-icin\/\" rel=\"bookmark\" aria-label=\"Link on post \u201cTer\u00f6rs\u00fcz T\u00fcrkiye i\u00e7in\u201d Bug\u00fcn \u0130stanbul Sanayici ve Yat\u0131r\u0131mc\u0131 \u0130\u015f &#8230;\"><\/a>\n\n\t\t\t<\/div>\n\n\t<div class=\"wd-post-content\">\n\t\t<div class=\"wd-post-meta wd-post-entry-meta\">\n\t\t\t\n\t\t\t\n\t\t\t\t\t<\/div>\n\n\t\t\t\t\t<h3 class=\"wd-post-title wd-entities-title title post-title\">\n\t\t\t\t<a href=\"https:\/\/www.isiyad.net\/terorsuz-turkiye-icin\/\" rel=\"bookmark\">\n\t\t\t\t\t\u201cTer\u00f6rs\u00fcz T\u00fcrkiye i\u00e7in\u201d Bug\u00fcn \u0130stanbul Sanayici ve Yat\u0131r\u0131mc\u0131 \u0130\u015f &#8230;\t\t\t\t<\/a>\n\t\t\t<\/h3>\n\t\t\n\t\t\n\t\t\t\t\t\t\t\t\t\t<div class=\"wd-post-read-more wd-style-link read-more-section\">\n\t\t\t\t\t\t<a class=\"\" href=\"https:\/\/www.isiyad.net\/terorsuz-turkiye-icin\/\">Continue reading<\/a>\t\t\t\t\t<\/div>\n\t\t\t\t\t\t\t<\/div>\n\n\t\t\t<\/div>\n\t<\/article>\n\t\t\t\t\t\t\t\t\t\t\t\n<article id=\"post-34761\" class=\"wd-post blog-design-meta-image blog-post-loop blog-style-bg wd-col post-34761 post type-post status-publish format-standard has-post-thumbnail hentry category-haber\">\n\t\t\t<div class=\"wd-post-inner\">\n\t\n\t<div class=\"wd-post-thumb color-scheme-light\">\n\t\t\t\t\t<div class=\"wd-post-img\">\n\t\t\t\t<img width=\"678\" height=\"381\" src=\"https:\/\/www.isiyad.net\/wp-content\/uploads\/2025\/12\/Istanbul-Sanayici-Yatirimci-ve-Tuccarlar-Dernegi-Uyeleri.jpg\" class=\"attachment-large size-large\" alt=\"\u0130stanbul Sanayici, Yat\u0131r\u0131mc\u0131 ve T\u00fcccarlar Derne\u011fi \u00dcyeleri\" decoding=\"async\" srcset=\"https:\/\/www.isiyad.net\/wp-content\/uploads\/2025\/12\/Istanbul-Sanayici-Yatirimci-ve-Tuccarlar-Dernegi-Uyeleri.jpg 678w, https:\/\/www.isiyad.net\/wp-content\/uploads\/2025\/12\/Istanbul-Sanayici-Yatirimci-ve-Tuccarlar-Dernegi-Uyeleri-300x169.jpg 300w, https:\/\/www.isiyad.net\/wp-content\/uploads\/2025\/12\/Istanbul-Sanayici-Yatirimci-ve-Tuccarlar-Dernegi-Uyeleri-150x84.jpg 150w\" sizes=\"(max-width: 678px) 100vw, 678px\" \/>\t\t\t<\/div>\n\t\t\n\t\t\t\t<a class=\"wd-post-link wd-fill\" href=\"https:\/\/www.isiyad.net\/istanbul-sanayici-yatirimci-ve-tuccarlar-dernegi-uyeleri\/\" rel=\"bookmark\" aria-label=\"Link on post \u0130stanbul Sanayici, Yat\u0131r\u0131mc\u0131 ve T\u00fcccarlar Derne\u011fi \u00dcyeleri\"><\/a>\n\n\t\t\t<\/div>\n\n\t<div class=\"wd-post-content\">\n\t\t<div class=\"wd-post-meta wd-post-entry-meta\">\n\t\t\t\n\t\t\t\n\t\t\t\t\t<\/div>\n\n\t\t\t\t\t<h3 class=\"wd-post-title wd-entities-title title post-title\">\n\t\t\t\t<a href=\"https:\/\/www.isiyad.net\/istanbul-sanayici-yatirimci-ve-tuccarlar-dernegi-uyeleri\/\" rel=\"bookmark\">\n\t\t\t\t\t\u0130stanbul Sanayici, Yat\u0131r\u0131mc\u0131 ve T\u00fcccarlar Derne\u011fi \u00dcyeleri\t\t\t\t<\/a>\n\t\t\t<\/h3>\n\t\t\n\t\t\n\t\t\t\t\t\t\t\t\t\t<div class=\"wd-post-read-more wd-style-link read-more-section\">\n\t\t\t\t\t\t<a class=\"\" href=\"https:\/\/www.isiyad.net\/istanbul-sanayici-yatirimci-ve-tuccarlar-dernegi-uyeleri\/\">Continue reading<\/a>\t\t\t\t\t<\/div>\n\t\t\t\t\t\t\t<\/div>\n\n\t\t\t<\/div>\n\t<\/article>\n\t\t\t\t\t\t\t\t\t\t\t\n<article id=\"post-34762\" class=\"wd-post blog-design-meta-image blog-post-loop blog-style-bg wd-col post-34762 post type-post status-publish format-standard has-post-thumbnail hentry category-haber\">\n\t\t\t<div class=\"wd-post-inner\">\n\t\n\t<div class=\"wd-post-thumb color-scheme-light\">\n\t\t\t\t\t<div class=\"wd-post-img\">\n\t\t\t\t<img width=\"678\" height=\"381\" src=\"https:\/\/www.isiyad.net\/wp-content\/uploads\/2025\/12\/Insanlik-ailesi-olarak-Filistin-halkina-en-buyuk-borcumuz-adalettir.jpg\" class=\"attachment-large size-large\" alt=\"\u0130nsanl\u0131k ailesi olarak Filistin halk\u0131na en b\u00fcy\u00fck borcumuz adalettir\" decoding=\"async\" srcset=\"https:\/\/www.isiyad.net\/wp-content\/uploads\/2025\/12\/Insanlik-ailesi-olarak-Filistin-halkina-en-buyuk-borcumuz-adalettir.jpg 678w, https:\/\/www.isiyad.net\/wp-content\/uploads\/2025\/12\/Insanlik-ailesi-olarak-Filistin-halkina-en-buyuk-borcumuz-adalettir-300x169.jpg 300w, https:\/\/www.isiyad.net\/wp-content\/uploads\/2025\/12\/Insanlik-ailesi-olarak-Filistin-halkina-en-buyuk-borcumuz-adalettir-150x84.jpg 150w\" sizes=\"(max-width: 678px) 100vw, 678px\" \/>\t\t\t<\/div>\n\t\t\n\t\t\t\t<a class=\"wd-post-link wd-fill\" href=\"https:\/\/www.isiyad.net\/insanlik-ailesi-olarak-filistin-halkina-en-buyuk-borcumuz-adalettir\/\" rel=\"bookmark\" aria-label=\"Link on post \u0130nsanl\u0131k ailesi olarak Filistin halk\u0131na en b\u00fcy\u00fck borcumuz adalettir\"><\/a>\n\n\t\t\t<\/div>\n\n\t<div class=\"wd-post-content\">\n\t\t<div class=\"wd-post-meta wd-post-entry-meta\">\n\t\t\t\n\t\t\t\n\t\t\t\t\t<\/div>\n\n\t\t\t\t\t<h3 class=\"wd-post-title wd-entities-title title post-title\">\n\t\t\t\t<a href=\"https:\/\/www.isiyad.net\/insanlik-ailesi-olarak-filistin-halkina-en-buyuk-borcumuz-adalettir\/\" rel=\"bookmark\">\n\t\t\t\t\t\u0130nsanl\u0131k ailesi olarak Filistin halk\u0131na en b\u00fcy\u00fck borcumuz adalettir\t\t\t\t<\/a>\n\t\t\t<\/h3>\n\t\t\n\t\t\n\t\t\t\t\t\t\t\t\t\t<div class=\"wd-post-read-more wd-style-link read-more-section\">\n\t\t\t\t\t\t<a class=\"\" href=\"https:\/\/www.isiyad.net\/insanlik-ailesi-olarak-filistin-halkina-en-buyuk-borcumuz-adalettir\/\">Continue reading<\/a>\t\t\t\t\t<\/div>\n\t\t\t\t\t\t\t<\/div>\n\n\t\t\t<\/div>\n\t<\/article>\n\t\t\t\t\t\n\t\t\t\t\t","status":"have-posts","nextPage":"https:\/\/www.isiyad.net\/blog\/page\/3\/?woo_ajax=1","currentPage":"https:\/\/www.isiyad.net\/blog\/page\/2"}