
			
				

					
				

			
		{"items":"\n\t\t\t\t\t\t\t\t\t\t\t\n<article id=\"post-33898\" class=\"wd-post blog-design-meta-image blog-post-loop blog-style-bg wd-col post-33898 post type-post status-publish format-standard has-post-thumbnail hentry category-haber\">\n\t\t\t<div class=\"wd-post-inner\">\n\t\n\t<div class=\"wd-post-thumb color-scheme-light\">\n\t\t\t\t\t<div class=\"wd-post-img\">\n\t\t\t\t<img width=\"678\" height=\"381\" src=\"https:\/\/www.isiyad.net\/wp-content\/uploads\/2025\/10\/Turkiye-ev-Teksili-sanayici-is-insanlari-Dernegimiz.jpg\" class=\"attachment-large size-large\" alt=\"T\u00fcrkiye ev Teksili sanayici i\u015f insanlar\u0131 Derne\u011fimiz\" decoding=\"async\" fetchpriority=\"high\" srcset=\"https:\/\/www.isiyad.net\/wp-content\/uploads\/2025\/10\/Turkiye-ev-Teksili-sanayici-is-insanlari-Dernegimiz.jpg 678w, https:\/\/www.isiyad.net\/wp-content\/uploads\/2025\/10\/Turkiye-ev-Teksili-sanayici-is-insanlari-Dernegimiz-300x169.jpg 300w, https:\/\/www.isiyad.net\/wp-content\/uploads\/2025\/10\/Turkiye-ev-Teksili-sanayici-is-insanlari-Dernegimiz-150x84.jpg 150w\" sizes=\"(max-width: 678px) 100vw, 678px\" \/>\t\t\t<\/div>\n\t\t\n\t\t\t\t<a class=\"wd-post-link wd-fill\" href=\"https:\/\/www.isiyad.net\/turkiye-ev-tekstili-esnaf-ve-sanatkarlari-dernegi-istisare-toplantisi\/\" rel=\"bookmark\" aria-label=\"Link on post T\u00fcrkiye Ev Tekstili Esnaf ve Sanatkarlar\u0131 Derne\u011fi \u0130sti\u015fare Toplant\u0131s\u0131\"><\/a>\n\n\t\t\t\t\t<div class=\"wd-post-header\">\n\t\t\t\t\t\t\t<link rel=\"stylesheet\" id=\"wd-blog-mod-author-css\" href=\"https:\/\/www.isiyad.net\/wp-content\/themes\/woodmart\/css\/parts\/blog-mod-author.min.css?ver=8.2.7\" type=\"text\/css\" media=\"all\" \/> \t\t\t\t\t\t\t<div class=\"wd-post-author wd-meta-author\">\n\t\t\t\t\t\t\t\n\t\t\t\t\t<img alt='author-avatar' src='https:\/\/secure.gravatar.com\/avatar\/31bd59d65f2d9f5390ae193d420275df27981ded3fc037b2504d8df2417ca825?s=22&#038;d=mm&#038;r=g' srcset='https:\/\/secure.gravatar.com\/avatar\/31bd59d65f2d9f5390ae193d420275df27981ded3fc037b2504d8df2417ca825?s=44&#038;d=mm&#038;r=g 2x' class='avatar avatar-22 photo' height='22' width='22' decoding='async'\/>\t\t\n\t\t\t\t\t<a href=\"https:\/\/www.isiyad.net\/author\/adminisi\/\" class=\"author\" rel=\"author\">adminisi<\/a>\n\t\t\t\t\t\t\t\t<\/div>\n\n\t\t\t\t<div class=\"wd-post-actions\">\n\t\t\t\t\t\t\t\t\t\t\t<div class=\"wd-post-share wd-tltp\">\n\t\t\t\t\t\t\t<div class=\"tooltip top\">\n\t\t\t\t\t\t\t\t<div class=\"tooltip-inner\">\n\t\t\t\t\t\t\t\t\t\t\t\t<link rel=\"stylesheet\" id=\"wd-social-icons-css\" href=\"https:\/\/www.isiyad.net\/wp-content\/themes\/woodmart\/css\/parts\/el-social-icons.min.css?ver=8.2.7\" type=\"text\/css\" media=\"all\" \/> \t\t\t\t\t\t<div\n\t\t\t\t\t\tclass=\" wd-social-icons  wd-style-default wd-size-small social-share wd-shape-circle color-scheme-light text-center\">\n\t\t\t\t\n\t\t\t\t\n\t\t\t\t\t\t\t\t\t<a rel=\"noopener noreferrer nofollow\" href=\"https:\/\/www.facebook.com\/sharer\/sharer.php?u=https:\/\/www.isiyad.net\/turkiye-ev-tekstili-esnaf-ve-sanatkarlari-dernegi-istisare-toplantisi\/\" target=\"_blank\" class=\" wd-social-icon social-facebook\" aria-label=\"Facebook social link\">\n\t\t\t\t\t\t<span class=\"wd-icon\"><\/span>\n\t\t\t\t\t\t\t\t\t\t\t<\/a>\n\t\t\t\t\n\t\t\t\t\t\t\t\t\t<a rel=\"noopener noreferrer nofollow\" href=\"https:\/\/x.com\/share?url=https:\/\/www.isiyad.net\/turkiye-ev-tekstili-esnaf-ve-sanatkarlari-dernegi-istisare-toplantisi\/\" target=\"_blank\" class=\" wd-social-icon social-twitter\" aria-label=\"X social link\">\n\t\t\t\t\t\t<span class=\"wd-icon\"><\/span>\n\t\t\t\t\t\t\t\t\t\t\t<\/a>\n\t\t\t\t\n\t\t\t\t\n\t\t\t\t\n\t\t\t\t\n\t\t\t\t\n\t\t\t\t\n\t\t\t\t\t\t\t\t\t<a rel=\"noopener noreferrer nofollow\" href=\"https:\/\/pinterest.com\/pin\/create\/button\/?url=https:\/\/www.isiyad.net\/turkiye-ev-tekstili-esnaf-ve-sanatkarlari-dernegi-istisare-toplantisi\/&media=https:\/\/www.isiyad.net\/wp-content\/uploads\/2025\/10\/Turkiye-ev-Teksili-sanayici-is-insanlari-Dernegimiz.jpg&description=T%C3%BCrkiye+Ev+Tekstili+Esnaf+ve+Sanatkarlar%C4%B1+Derne%C4%9Fi+%C4%B0sti%C5%9Fare+Toplant%C4%B1s%C4%B1\" target=\"_blank\" class=\" wd-social-icon social-pinterest\" aria-label=\"Pinterest social link\">\n\t\t\t\t\t\t<span class=\"wd-icon\"><\/span>\n\t\t\t\t\t\t\t\t\t\t\t<\/a>\n\t\t\t\t\n\t\t\t\t\n\t\t\t\t\t\t\t\t\t<a rel=\"noopener noreferrer nofollow\" href=\"https:\/\/www.linkedin.com\/shareArticle?mini=true&url=https:\/\/www.isiyad.net\/turkiye-ev-tekstili-esnaf-ve-sanatkarlari-dernegi-istisare-toplantisi\/\" target=\"_blank\" class=\" wd-social-icon social-linkedin\" aria-label=\"Linkedin social link\">\n\t\t\t\t\t\t<span class=\"wd-icon\"><\/span>\n\t\t\t\t\t\t\t\t\t\t\t<\/a>\n\t\t\t\t\n\t\t\t\t\n\t\t\t\t\n\t\t\t\t\n\t\t\t\t\n\t\t\t\t\n\t\t\t\t\n\t\t\t\t\n\t\t\t\t\n\t\t\t\t\n\t\t\t\t\n\t\t\t\t\n\t\t\t\t\n\t\t\t\t\n\t\t\t\t\n\t\t\t\t\t\t\t\t\t<a rel=\"noopener noreferrer nofollow\" href=\"https:\/\/telegram.me\/share\/url?url=https:\/\/www.isiyad.net\/turkiye-ev-tekstili-esnaf-ve-sanatkarlari-dernegi-istisare-toplantisi\/\" target=\"_blank\" class=\" wd-social-icon social-tg\" aria-label=\"Telegram social link\">\n\t\t\t\t\t\t<span class=\"wd-icon\"><\/span>\n\t\t\t\t\t\t\t\t\t\t\t<\/a>\n\t\t\t\t\n\t\t\t\t\n\t\t\t<\/div>\n\n\t\t\t\t\t\t\t\t\t\t<\/div>\n\t\t\t\t\t\t\t\t<div class=\"tooltip-arrow\"><\/div>\n\t\t\t\t\t\t\t<\/div>\n\t\t\t\t\t\t<\/div>\n\t\t\t\t\t\n\t\t\t\t\t\t\t\t\t\t\t\t\t\t<link rel=\"stylesheet\" id=\"wd-blog-mod-comments-button-css\" href=\"https:\/\/www.isiyad.net\/wp-content\/themes\/woodmart\/css\/parts\/blog-mod-comments-button.min.css?ver=8.2.7\" type=\"text\/css\" media=\"all\" \/> \t\t\t\t\t\t\t\t\t<div class=\"wd-post-reply wd-meta-reply wd-style-1\">\n\t\t\t\t\t\t\t<a href=\"https:\/\/www.isiyad.net\/turkiye-ev-tekstili-esnaf-ve-sanatkarlari-dernegi-istisare-toplantisi\/#respond\"><span class=\"wd-replies-count\">0<\/span><\/a>\t\t\t\t\t\t<\/div>\n\t\t\t\t\t\t\t\t\t<\/div>\n\t\t\t<\/div>\n\t\t\t<\/div>\n\n\t<div class=\"wd-post-content\">\n\t\t<div class=\"wd-post-meta wd-post-entry-meta\">\n\t\t\t\n\t\t\t\t\t\t\t<div class=\"wd-post-cat wd-style-default\">\n\t\t\t\t\t<a href=\"https:\/\/www.isiyad.net\/category\/haber\/\" rel=\"category tag\">Haber<\/a>\t\t\t\t<\/div>\n\t\t\t\n\t\t\t\t\t<\/div>\n\n\t\t\t\t\t<h3 class=\"wd-post-title wd-entities-title title post-title\">\n\t\t\t\t<a href=\"https:\/\/www.isiyad.net\/turkiye-ev-tekstili-esnaf-ve-sanatkarlari-dernegi-istisare-toplantisi\/\" rel=\"bookmark\">\n\t\t\t\t\tT\u00fcrkiye Ev Tekstili Esnaf ve Sanatkarlar\u0131 Derne\u011fi \u0130sti\u015fare Toplant\u0131s\u0131\t\t\t\t<\/a>\n\t\t\t<\/h3>\n\t\t\n\t\t\t\t\t<div class=\"wd-post-excerpt\">\n\t\t\t\t\t\t\t\t\tT\u00fcrkiye ev Teksili sanayici i\u015f insanlar\u0131 Derne\u011fimiz .  \u0131n D\u00fczenlemi\u015f oldu\u011fu \u0130\u015fti\u015fare toplant\u0131s\u0131na Kat\u0131l\u0131m Sa\u011flad\u0131k\r\nT\u00fcrkiye e...\t\t\t\t\t\t\t<\/div>\n\t\t\n\t\t\t\t\t\t\t\t\t\t<div class=\"wd-post-read-more wd-style-link read-more-section\">\n\t\t\t\t\t\t<a class=\"\" href=\"https:\/\/www.isiyad.net\/turkiye-ev-tekstili-esnaf-ve-sanatkarlari-dernegi-istisare-toplantisi\/\">Continue reading<\/a>\t\t\t\t\t<\/div>\n\t\t\t\t\t\t\t<\/div>\n\n\t\t\t<\/div>\n\t<\/article>\n\t\t\t\t\t\t\t\t\t\t\t\n<article id=\"post-33730\" class=\"wd-post blog-design-meta-image blog-post-loop blog-style-bg wd-col post-33730 post type-post status-publish format-standard has-post-thumbnail hentry category-haber\">\n\t\t\t<div class=\"wd-post-inner\">\n\t\n\t<div class=\"wd-post-thumb color-scheme-light\">\n\t\t\t\t\t<div class=\"wd-post-img\">\n\t\t\t\t<img width=\"678\" height=\"381\" src=\"https:\/\/www.isiyad.net\/wp-content\/uploads\/2025\/10\/f0cecbdd-b68e-4d4f-9e09-eba80079f68c-1-678x381-1.jpg\" class=\"attachment-large size-large\" alt=\"\" decoding=\"async\" srcset=\"https:\/\/www.isiyad.net\/wp-content\/uploads\/2025\/10\/f0cecbdd-b68e-4d4f-9e09-eba80079f68c-1-678x381-1.jpg 678w, https:\/\/www.isiyad.net\/wp-content\/uploads\/2025\/10\/f0cecbdd-b68e-4d4f-9e09-eba80079f68c-1-678x381-1-300x169.jpg 300w, https:\/\/www.isiyad.net\/wp-content\/uploads\/2025\/10\/f0cecbdd-b68e-4d4f-9e09-eba80079f68c-1-678x381-1-150x84.jpg 150w\" sizes=\"(max-width: 678px) 100vw, 678px\" \/>\t\t\t<\/div>\n\t\t\n\t\t\t\t<a class=\"wd-post-link wd-fill\" href=\"https:\/\/www.isiyad.net\/istanbul-valisi-davut-gul-valilik-tarafindan-duzenlenen-istisare-toplantisina-katildi\/\" rel=\"bookmark\" aria-label=\"Link on post \u0130stanbul Valisi Davut G\u00dcL, Valilik taraf\u0131ndan d\u00fczenlenen isti\u015fare toplant\u0131s\u0131na kat\u0131ld\u0131.\"><\/a>\n\n\t\t\t\t\t<div class=\"wd-post-header\">\n\t\t\t\t\t\t\t\t<div class=\"wd-post-author wd-meta-author\">\n\t\t\t\t\t\t\t\n\t\t\t\t\t<img alt='author-avatar' src='https:\/\/secure.gravatar.com\/avatar\/31bd59d65f2d9f5390ae193d420275df27981ded3fc037b2504d8df2417ca825?s=22&#038;d=mm&#038;r=g' srcset='https:\/\/secure.gravatar.com\/avatar\/31bd59d65f2d9f5390ae193d420275df27981ded3fc037b2504d8df2417ca825?s=44&#038;d=mm&#038;r=g 2x' class='avatar avatar-22 photo' height='22' width='22' decoding='async'\/>\t\t\n\t\t\t\t\t<a href=\"https:\/\/www.isiyad.net\/author\/adminisi\/\" class=\"author\" rel=\"author\">adminisi<\/a>\n\t\t\t\t\t\t\t\t<\/div>\n\n\t\t\t\t<div class=\"wd-post-actions\">\n\t\t\t\t\t\t\t\t\t\t\t<div class=\"wd-post-share wd-tltp\">\n\t\t\t\t\t\t\t<div class=\"tooltip top\">\n\t\t\t\t\t\t\t\t<div class=\"tooltip-inner\">\n\t\t\t\t\t\t\t\t\t\t\t\t<div\n\t\t\t\t\t\tclass=\" wd-social-icons  wd-style-default wd-size-small social-share wd-shape-circle color-scheme-light text-center\">\n\t\t\t\t\n\t\t\t\t\n\t\t\t\t\t\t\t\t\t<a rel=\"noopener noreferrer nofollow\" href=\"https:\/\/www.facebook.com\/sharer\/sharer.php?u=https:\/\/www.isiyad.net\/istanbul-valisi-davut-gul-valilik-tarafindan-duzenlenen-istisare-toplantisina-katildi\/\" target=\"_blank\" class=\" wd-social-icon social-facebook\" aria-label=\"Facebook social link\">\n\t\t\t\t\t\t<span class=\"wd-icon\"><\/span>\n\t\t\t\t\t\t\t\t\t\t\t<\/a>\n\t\t\t\t\n\t\t\t\t\t\t\t\t\t<a rel=\"noopener noreferrer nofollow\" href=\"https:\/\/x.com\/share?url=https:\/\/www.isiyad.net\/istanbul-valisi-davut-gul-valilik-tarafindan-duzenlenen-istisare-toplantisina-katildi\/\" target=\"_blank\" class=\" wd-social-icon social-twitter\" aria-label=\"X social link\">\n\t\t\t\t\t\t<span class=\"wd-icon\"><\/span>\n\t\t\t\t\t\t\t\t\t\t\t<\/a>\n\t\t\t\t\n\t\t\t\t\n\t\t\t\t\n\t\t\t\t\n\t\t\t\t\n\t\t\t\t\n\t\t\t\t\t\t\t\t\t<a rel=\"noopener noreferrer nofollow\" href=\"https:\/\/pinterest.com\/pin\/create\/button\/?url=https:\/\/www.isiyad.net\/istanbul-valisi-davut-gul-valilik-tarafindan-duzenlenen-istisare-toplantisina-katildi\/&media=https:\/\/www.isiyad.net\/wp-content\/uploads\/2025\/10\/f0cecbdd-b68e-4d4f-9e09-eba80079f68c-1-678x381-1.jpg&description=%C4%B0stanbul+Valisi+Davut+G%C3%9CL%2C+Valilik+taraf%C4%B1ndan+d%C3%BCzenlenen+isti%C5%9Fare+toplant%C4%B1s%C4%B1na+kat%C4%B1ld%C4%B1.\" target=\"_blank\" class=\" wd-social-icon social-pinterest\" aria-label=\"Pinterest social link\">\n\t\t\t\t\t\t<span class=\"wd-icon\"><\/span>\n\t\t\t\t\t\t\t\t\t\t\t<\/a>\n\t\t\t\t\n\t\t\t\t\n\t\t\t\t\t\t\t\t\t<a rel=\"noopener noreferrer nofollow\" href=\"https:\/\/www.linkedin.com\/shareArticle?mini=true&url=https:\/\/www.isiyad.net\/istanbul-valisi-davut-gul-valilik-tarafindan-duzenlenen-istisare-toplantisina-katildi\/\" target=\"_blank\" class=\" wd-social-icon social-linkedin\" aria-label=\"Linkedin social link\">\n\t\t\t\t\t\t<span class=\"wd-icon\"><\/span>\n\t\t\t\t\t\t\t\t\t\t\t<\/a>\n\t\t\t\t\n\t\t\t\t\n\t\t\t\t\n\t\t\t\t\n\t\t\t\t\n\t\t\t\t\n\t\t\t\t\n\t\t\t\t\n\t\t\t\t\n\t\t\t\t\n\t\t\t\t\n\t\t\t\t\n\t\t\t\t\n\t\t\t\t\n\t\t\t\t\n\t\t\t\t\t\t\t\t\t<a rel=\"noopener noreferrer nofollow\" href=\"https:\/\/telegram.me\/share\/url?url=https:\/\/www.isiyad.net\/istanbul-valisi-davut-gul-valilik-tarafindan-duzenlenen-istisare-toplantisina-katildi\/\" target=\"_blank\" class=\" wd-social-icon social-tg\" aria-label=\"Telegram social link\">\n\t\t\t\t\t\t<span class=\"wd-icon\"><\/span>\n\t\t\t\t\t\t\t\t\t\t\t<\/a>\n\t\t\t\t\n\t\t\t\t\n\t\t\t<\/div>\n\n\t\t\t\t\t\t\t\t\t\t<\/div>\n\t\t\t\t\t\t\t\t<div class=\"tooltip-arrow\"><\/div>\n\t\t\t\t\t\t\t<\/div>\n\t\t\t\t\t\t<\/div>\n\t\t\t\t\t\n\t\t\t\t\t\t\t\t\t\t\t\t\t\t\t\t\t<div class=\"wd-post-reply wd-meta-reply wd-style-1\">\n\t\t\t\t\t\t\t<a href=\"https:\/\/www.isiyad.net\/istanbul-valisi-davut-gul-valilik-tarafindan-duzenlenen-istisare-toplantisina-katildi\/#respond\"><span class=\"wd-replies-count\">0<\/span><\/a>\t\t\t\t\t\t<\/div>\n\t\t\t\t\t\t\t\t\t<\/div>\n\t\t\t<\/div>\n\t\t\t<\/div>\n\n\t<div class=\"wd-post-content\">\n\t\t<div class=\"wd-post-meta wd-post-entry-meta\">\n\t\t\t\n\t\t\t\t\t\t\t<div class=\"wd-post-cat wd-style-default\">\n\t\t\t\t\t<a href=\"https:\/\/www.isiyad.net\/category\/haber\/\" rel=\"category tag\">Haber<\/a>\t\t\t\t<\/div>\n\t\t\t\n\t\t\t\t\t<\/div>\n\n\t\t\t\t\t<h3 class=\"wd-post-title wd-entities-title title post-title\">\n\t\t\t\t<a href=\"https:\/\/www.isiyad.net\/istanbul-valisi-davut-gul-valilik-tarafindan-duzenlenen-istisare-toplantisina-katildi\/\" rel=\"bookmark\">\n\t\t\t\t\t\u0130stanbul Valisi Davut G\u00dcL, Valilik taraf\u0131ndan d\u00fczenlenen isti\u015fare toplant\u0131s\u0131na kat\u0131ld\u0131.\t\t\t\t<\/a>\n\t\t\t<\/h3>\n\t\t\n\t\t\t\t\t<div class=\"wd-post-excerpt\">\n\t\t\t\t\t\t\t\t\t\u0130STANBUL valimiz Davut G\u00dcL valimizin D\u00fczenlemi\u015f oldu\u011fu isti\u015fare Toplant\u0131s\u0131na. \u0130S\u0130YAD Genel Ba\u015fkan vekilimiz A Fuat BODUR \u0130S\u0130Y...\t\t\t\t\t\t\t<\/div>\n\t\t\n\t\t\t\t\t\t\t\t\t\t<div class=\"wd-post-read-more wd-style-link read-more-section\">\n\t\t\t\t\t\t<a class=\"\" href=\"https:\/\/www.isiyad.net\/istanbul-valisi-davut-gul-valilik-tarafindan-duzenlenen-istisare-toplantisina-katildi\/\">Continue reading<\/a>\t\t\t\t\t<\/div>\n\t\t\t\t\t\t\t<\/div>\n\n\t\t\t<\/div>\n\t<\/article>\n\t\t\t\t\t\t\t\t\t\t\t\n<article id=\"post-33731\" class=\"wd-post blog-design-meta-image blog-post-loop blog-style-bg wd-col post-33731 post type-post status-publish format-standard has-post-thumbnail hentry category-haber\">\n\t\t\t<div class=\"wd-post-inner\">\n\t\n\t<div class=\"wd-post-thumb color-scheme-light\">\n\t\t\t\t\t<div class=\"wd-post-img\">\n\t\t\t\t<img width=\"678\" height=\"381\" src=\"https:\/\/www.isiyad.net\/wp-content\/uploads\/2025\/10\/ISIYAD-Yuksek-istisare-Kurulu-Baskan-vekilimiz-Avrupa.jpg\" class=\"attachment-large size-large\" alt=\"\u0130S\u0130YAD Y\u00fcksek isti\u015fare Kurulu Ba\u015fkan vekilimiz Avrupa\" decoding=\"async\" srcset=\"https:\/\/www.isiyad.net\/wp-content\/uploads\/2025\/10\/ISIYAD-Yuksek-istisare-Kurulu-Baskan-vekilimiz-Avrupa.jpg 678w, https:\/\/www.isiyad.net\/wp-content\/uploads\/2025\/10\/ISIYAD-Yuksek-istisare-Kurulu-Baskan-vekilimiz-Avrupa-300x169.jpg 300w, https:\/\/www.isiyad.net\/wp-content\/uploads\/2025\/10\/ISIYAD-Yuksek-istisare-Kurulu-Baskan-vekilimiz-Avrupa-150x84.jpg 150w\" sizes=\"(max-width: 678px) 100vw, 678px\" \/>\t\t\t<\/div>\n\t\t\n\t\t\t\t<a class=\"wd-post-link wd-fill\" href=\"https:\/\/www.isiyad.net\/isiyad-istanbul-temsilciligi-sisli\/\" rel=\"bookmark\" aria-label=\"Link on post \u0130S\u0130YAD \u0130stanbul Temsilcili\u011fi \u015ei\u015fli\"><\/a>\n\n\t\t\t\t\t<div class=\"wd-post-header\">\n\t\t\t\t\t\t\t\t<div class=\"wd-post-author wd-meta-author\">\n\t\t\t\t\t\t\t\n\t\t\t\t\t<img alt='author-avatar' src='https:\/\/secure.gravatar.com\/avatar\/31bd59d65f2d9f5390ae193d420275df27981ded3fc037b2504d8df2417ca825?s=22&#038;d=mm&#038;r=g' srcset='https:\/\/secure.gravatar.com\/avatar\/31bd59d65f2d9f5390ae193d420275df27981ded3fc037b2504d8df2417ca825?s=44&#038;d=mm&#038;r=g 2x' class='avatar avatar-22 photo' height='22' width='22' decoding='async'\/>\t\t\n\t\t\t\t\t<a href=\"https:\/\/www.isiyad.net\/author\/adminisi\/\" class=\"author\" rel=\"author\">adminisi<\/a>\n\t\t\t\t\t\t\t\t<\/div>\n\n\t\t\t\t<div class=\"wd-post-actions\">\n\t\t\t\t\t\t\t\t\t\t\t<div class=\"wd-post-share wd-tltp\">\n\t\t\t\t\t\t\t<div class=\"tooltip top\">\n\t\t\t\t\t\t\t\t<div class=\"tooltip-inner\">\n\t\t\t\t\t\t\t\t\t\t\t\t<div\n\t\t\t\t\t\tclass=\" wd-social-icons  wd-style-default wd-size-small social-share wd-shape-circle color-scheme-light text-center\">\n\t\t\t\t\n\t\t\t\t\n\t\t\t\t\t\t\t\t\t<a rel=\"noopener noreferrer nofollow\" href=\"https:\/\/www.facebook.com\/sharer\/sharer.php?u=https:\/\/www.isiyad.net\/isiyad-istanbul-temsilciligi-sisli\/\" target=\"_blank\" class=\" wd-social-icon social-facebook\" aria-label=\"Facebook social link\">\n\t\t\t\t\t\t<span class=\"wd-icon\"><\/span>\n\t\t\t\t\t\t\t\t\t\t\t<\/a>\n\t\t\t\t\n\t\t\t\t\t\t\t\t\t<a rel=\"noopener noreferrer nofollow\" href=\"https:\/\/x.com\/share?url=https:\/\/www.isiyad.net\/isiyad-istanbul-temsilciligi-sisli\/\" target=\"_blank\" class=\" wd-social-icon social-twitter\" aria-label=\"X social link\">\n\t\t\t\t\t\t<span class=\"wd-icon\"><\/span>\n\t\t\t\t\t\t\t\t\t\t\t<\/a>\n\t\t\t\t\n\t\t\t\t\n\t\t\t\t\n\t\t\t\t\n\t\t\t\t\n\t\t\t\t\n\t\t\t\t\t\t\t\t\t<a rel=\"noopener noreferrer nofollow\" href=\"https:\/\/pinterest.com\/pin\/create\/button\/?url=https:\/\/www.isiyad.net\/isiyad-istanbul-temsilciligi-sisli\/&media=https:\/\/www.isiyad.net\/wp-content\/uploads\/2025\/10\/ISIYAD-Yuksek-istisare-Kurulu-Baskan-vekilimiz-Avrupa.jpg&description=%C4%B0S%C4%B0YAD+%C4%B0stanbul+Temsilcili%C4%9Fi+%C5%9Ei%C5%9Fli\" target=\"_blank\" class=\" wd-social-icon social-pinterest\" aria-label=\"Pinterest social link\">\n\t\t\t\t\t\t<span class=\"wd-icon\"><\/span>\n\t\t\t\t\t\t\t\t\t\t\t<\/a>\n\t\t\t\t\n\t\t\t\t\n\t\t\t\t\t\t\t\t\t<a rel=\"noopener noreferrer nofollow\" href=\"https:\/\/www.linkedin.com\/shareArticle?mini=true&url=https:\/\/www.isiyad.net\/isiyad-istanbul-temsilciligi-sisli\/\" target=\"_blank\" class=\" wd-social-icon social-linkedin\" aria-label=\"Linkedin social link\">\n\t\t\t\t\t\t<span class=\"wd-icon\"><\/span>\n\t\t\t\t\t\t\t\t\t\t\t<\/a>\n\t\t\t\t\n\t\t\t\t\n\t\t\t\t\n\t\t\t\t\n\t\t\t\t\n\t\t\t\t\n\t\t\t\t\n\t\t\t\t\n\t\t\t\t\n\t\t\t\t\n\t\t\t\t\n\t\t\t\t\n\t\t\t\t\n\t\t\t\t\n\t\t\t\t\n\t\t\t\t\t\t\t\t\t<a rel=\"noopener noreferrer nofollow\" href=\"https:\/\/telegram.me\/share\/url?url=https:\/\/www.isiyad.net\/isiyad-istanbul-temsilciligi-sisli\/\" target=\"_blank\" class=\" wd-social-icon social-tg\" aria-label=\"Telegram social link\">\n\t\t\t\t\t\t<span class=\"wd-icon\"><\/span>\n\t\t\t\t\t\t\t\t\t\t\t<\/a>\n\t\t\t\t\n\t\t\t\t\n\t\t\t<\/div>\n\n\t\t\t\t\t\t\t\t\t\t<\/div>\n\t\t\t\t\t\t\t\t<div class=\"tooltip-arrow\"><\/div>\n\t\t\t\t\t\t\t<\/div>\n\t\t\t\t\t\t<\/div>\n\t\t\t\t\t\n\t\t\t\t\t\t\t\t\t\t\t\t\t\t\t\t\t<div class=\"wd-post-reply wd-meta-reply wd-style-1\">\n\t\t\t\t\t\t\t<a href=\"https:\/\/www.isiyad.net\/isiyad-istanbul-temsilciligi-sisli\/#respond\"><span class=\"wd-replies-count\">0<\/span><\/a>\t\t\t\t\t\t<\/div>\n\t\t\t\t\t\t\t\t\t<\/div>\n\t\t\t<\/div>\n\t\t\t<\/div>\n\n\t<div class=\"wd-post-content\">\n\t\t<div class=\"wd-post-meta wd-post-entry-meta\">\n\t\t\t\n\t\t\t\t\t\t\t<div class=\"wd-post-cat wd-style-default\">\n\t\t\t\t\t<a href=\"https:\/\/www.isiyad.net\/category\/haber\/\" rel=\"category tag\">Haber<\/a>\t\t\t\t<\/div>\n\t\t\t\n\t\t\t\t\t<\/div>\n\n\t\t\t\t\t<h3 class=\"wd-post-title wd-entities-title title post-title\">\n\t\t\t\t<a href=\"https:\/\/www.isiyad.net\/isiyad-istanbul-temsilciligi-sisli\/\" rel=\"bookmark\">\n\t\t\t\t\t\u0130S\u0130YAD \u0130stanbul Temsilcili\u011fi \u015ei\u015fli\t\t\t\t<\/a>\n\t\t\t<\/h3>\n\t\t\n\t\t\t\t\t<div class=\"wd-post-excerpt\">\n\t\t\t\t\t\t\t\t\t\u0130S\u0130YAD Y\u00fcksek isti\u015fare Kurulu Ba\u015fkan vekilimiz Avrupa Birli\u011fi ekonomi Senet\u00f6r\u00fcm\u00fcz \u0130raj AL\u0130POOR Ba\u015fkan\u0131m\u0131z\u0131 \u00f6nc\u00fcl\u00fc\u011f\u00fcnde \u0130S\u0130YAD...\t\t\t\t\t\t\t<\/div>\n\t\t\n\t\t\t\t\t\t\t\t\t\t<div class=\"wd-post-read-more wd-style-link read-more-section\">\n\t\t\t\t\t\t<a class=\"\" href=\"https:\/\/www.isiyad.net\/isiyad-istanbul-temsilciligi-sisli\/\">Continue reading<\/a>\t\t\t\t\t<\/div>\n\t\t\t\t\t\t\t<\/div>\n\n\t\t\t<\/div>\n\t<\/article>\n\t\t\t\t\t\t\t\t\t\t\t\n<article id=\"post-33399\" class=\"wd-post blog-design-meta-image blog-post-loop blog-style-bg wd-col post-33399 post type-post status-publish format-standard has-post-thumbnail hentry category-haber\">\n\t\t\t<div class=\"wd-post-inner\">\n\t\n\t<div class=\"wd-post-thumb color-scheme-light\">\n\t\t\t\t\t<div class=\"wd-post-img\">\n\t\t\t\t<img width=\"678\" height=\"381\" src=\"https:\/\/www.isiyad.net\/wp-content\/uploads\/2025\/09\/b3b4d8c1-faa0-436d-bcfe-d89cc315a102-678x381-1.jpg\" class=\"attachment-large size-large\" alt=\"\" decoding=\"async\" srcset=\"https:\/\/www.isiyad.net\/wp-content\/uploads\/2025\/09\/b3b4d8c1-faa0-436d-bcfe-d89cc315a102-678x381-1.jpg 678w, https:\/\/www.isiyad.net\/wp-content\/uploads\/2025\/09\/b3b4d8c1-faa0-436d-bcfe-d89cc315a102-678x381-1-150x84.jpg 150w, https:\/\/www.isiyad.net\/wp-content\/uploads\/2025\/09\/b3b4d8c1-faa0-436d-bcfe-d89cc315a102-678x381-1-300x169.jpg 300w\" sizes=\"(max-width: 678px) 100vw, 678px\" \/>\t\t\t<\/div>\n\t\t\n\t\t\t\t<a class=\"wd-post-link wd-fill\" href=\"https:\/\/www.isiyad.net\/yetis-carsi-tanitim-ve-lasman-toplantisina-isiyad-adina-katilim-sagladik\/\" rel=\"bookmark\" aria-label=\"Link on post YET\u0130\u015e+ \u00c7AR\u015eI TANITIM VE LASMAN TOPLANTISINA \u0130S\u0130YAD ADINA KATILIM SAGLADIK\"><\/a>\n\n\t\t\t\t\t<div class=\"wd-post-header\">\n\t\t\t\t\t\t\t\t<div class=\"wd-post-author wd-meta-author\">\n\t\t\t\t\t\t\t\n\t\t\t\t\t<img alt='author-avatar' src='https:\/\/secure.gravatar.com\/avatar\/31bd59d65f2d9f5390ae193d420275df27981ded3fc037b2504d8df2417ca825?s=22&#038;d=mm&#038;r=g' srcset='https:\/\/secure.gravatar.com\/avatar\/31bd59d65f2d9f5390ae193d420275df27981ded3fc037b2504d8df2417ca825?s=44&#038;d=mm&#038;r=g 2x' class='avatar avatar-22 photo' height='22' width='22' decoding='async'\/>\t\t\n\t\t\t\t\t<a href=\"https:\/\/www.isiyad.net\/author\/adminisi\/\" class=\"author\" rel=\"author\">adminisi<\/a>\n\t\t\t\t\t\t\t\t<\/div>\n\n\t\t\t\t<div class=\"wd-post-actions\">\n\t\t\t\t\t\t\t\t\t\t\t<div class=\"wd-post-share wd-tltp\">\n\t\t\t\t\t\t\t<div class=\"tooltip top\">\n\t\t\t\t\t\t\t\t<div class=\"tooltip-inner\">\n\t\t\t\t\t\t\t\t\t\t\t\t<div\n\t\t\t\t\t\tclass=\" wd-social-icons  wd-style-default wd-size-small social-share wd-shape-circle color-scheme-light text-center\">\n\t\t\t\t\n\t\t\t\t\n\t\t\t\t\t\t\t\t\t<a rel=\"noopener noreferrer nofollow\" href=\"https:\/\/www.facebook.com\/sharer\/sharer.php?u=https:\/\/www.isiyad.net\/yetis-carsi-tanitim-ve-lasman-toplantisina-isiyad-adina-katilim-sagladik\/\" target=\"_blank\" class=\" wd-social-icon social-facebook\" aria-label=\"Facebook social link\">\n\t\t\t\t\t\t<span class=\"wd-icon\"><\/span>\n\t\t\t\t\t\t\t\t\t\t\t<\/a>\n\t\t\t\t\n\t\t\t\t\t\t\t\t\t<a rel=\"noopener noreferrer nofollow\" href=\"https:\/\/x.com\/share?url=https:\/\/www.isiyad.net\/yetis-carsi-tanitim-ve-lasman-toplantisina-isiyad-adina-katilim-sagladik\/\" target=\"_blank\" class=\" wd-social-icon social-twitter\" aria-label=\"X social link\">\n\t\t\t\t\t\t<span class=\"wd-icon\"><\/span>\n\t\t\t\t\t\t\t\t\t\t\t<\/a>\n\t\t\t\t\n\t\t\t\t\n\t\t\t\t\n\t\t\t\t\n\t\t\t\t\n\t\t\t\t\n\t\t\t\t\t\t\t\t\t<a rel=\"noopener noreferrer nofollow\" href=\"https:\/\/pinterest.com\/pin\/create\/button\/?url=https:\/\/www.isiyad.net\/yetis-carsi-tanitim-ve-lasman-toplantisina-isiyad-adina-katilim-sagladik\/&media=https:\/\/www.isiyad.net\/wp-content\/uploads\/2025\/09\/b3b4d8c1-faa0-436d-bcfe-d89cc315a102-678x381-1.jpg&description=YET%C4%B0%C5%9E%2B+%C3%87AR%C5%9EI+TANITIM+VE+LASMAN+TOPLANTISINA+%C4%B0S%C4%B0YAD+ADINA+KATILIM+SAGLADIK\" target=\"_blank\" class=\" wd-social-icon social-pinterest\" aria-label=\"Pinterest social link\">\n\t\t\t\t\t\t<span class=\"wd-icon\"><\/span>\n\t\t\t\t\t\t\t\t\t\t\t<\/a>\n\t\t\t\t\n\t\t\t\t\n\t\t\t\t\t\t\t\t\t<a rel=\"noopener noreferrer nofollow\" href=\"https:\/\/www.linkedin.com\/shareArticle?mini=true&url=https:\/\/www.isiyad.net\/yetis-carsi-tanitim-ve-lasman-toplantisina-isiyad-adina-katilim-sagladik\/\" target=\"_blank\" class=\" wd-social-icon social-linkedin\" aria-label=\"Linkedin social link\">\n\t\t\t\t\t\t<span class=\"wd-icon\"><\/span>\n\t\t\t\t\t\t\t\t\t\t\t<\/a>\n\t\t\t\t\n\t\t\t\t\n\t\t\t\t\n\t\t\t\t\n\t\t\t\t\n\t\t\t\t\n\t\t\t\t\n\t\t\t\t\n\t\t\t\t\n\t\t\t\t\n\t\t\t\t\n\t\t\t\t\n\t\t\t\t\n\t\t\t\t\n\t\t\t\t\n\t\t\t\t\t\t\t\t\t<a rel=\"noopener noreferrer nofollow\" href=\"https:\/\/telegram.me\/share\/url?url=https:\/\/www.isiyad.net\/yetis-carsi-tanitim-ve-lasman-toplantisina-isiyad-adina-katilim-sagladik\/\" target=\"_blank\" class=\" wd-social-icon social-tg\" aria-label=\"Telegram social link\">\n\t\t\t\t\t\t<span class=\"wd-icon\"><\/span>\n\t\t\t\t\t\t\t\t\t\t\t<\/a>\n\t\t\t\t\n\t\t\t\t\n\t\t\t<\/div>\n\n\t\t\t\t\t\t\t\t\t\t<\/div>\n\t\t\t\t\t\t\t\t<div class=\"tooltip-arrow\"><\/div>\n\t\t\t\t\t\t\t<\/div>\n\t\t\t\t\t\t<\/div>\n\t\t\t\t\t\n\t\t\t\t\t\t\t\t\t\t\t\t\t\t\t\t\t<div class=\"wd-post-reply wd-meta-reply wd-style-1\">\n\t\t\t\t\t\t\t<a href=\"https:\/\/www.isiyad.net\/yetis-carsi-tanitim-ve-lasman-toplantisina-isiyad-adina-katilim-sagladik\/#respond\"><span class=\"wd-replies-count\">0<\/span><\/a>\t\t\t\t\t\t<\/div>\n\t\t\t\t\t\t\t\t\t<\/div>\n\t\t\t<\/div>\n\t\t\t<\/div>\n\n\t<div class=\"wd-post-content\">\n\t\t<div class=\"wd-post-meta wd-post-entry-meta\">\n\t\t\t\n\t\t\t\t\t\t\t<div class=\"wd-post-cat wd-style-default\">\n\t\t\t\t\t<a href=\"https:\/\/www.isiyad.net\/category\/haber\/\" rel=\"category tag\">Haber<\/a>\t\t\t\t<\/div>\n\t\t\t\n\t\t\t\t\t<\/div>\n\n\t\t\t\t\t<h3 class=\"wd-post-title wd-entities-title title post-title\">\n\t\t\t\t<a href=\"https:\/\/www.isiyad.net\/yetis-carsi-tanitim-ve-lasman-toplantisina-isiyad-adina-katilim-sagladik\/\" rel=\"bookmark\">\n\t\t\t\t\tYET\u0130\u015e+ \u00c7AR\u015eI TANITIM VE LASMAN TOPLANTISINA \u0130S\u0130YAD ADINA KATILIM SAGLADIK\t\t\t\t<\/a>\n\t\t\t<\/h3>\n\t\t\n\t\t\t\t\t<div class=\"wd-post-excerpt\">\n\t\t\t\t\t\t\t\t\tYET\u0130\u015e+ \u00c7AR\u015eI 31-08-2025 TAR\u0130H\u0130NDE GRAND MAKEL HOTEL TOPKAPI DA D\u00dcZENLENEN TANITIM VE LASMAN TOPLANTISI NA \u0130S\u0130YAD ADINA KATILI...\t\t\t\t\t\t\t<\/div>\n\t\t\n\t\t\t\t\t\t\t\t\t\t<div class=\"wd-post-read-more wd-style-link read-more-section\">\n\t\t\t\t\t\t<a class=\"\" href=\"https:\/\/www.isiyad.net\/yetis-carsi-tanitim-ve-lasman-toplantisina-isiyad-adina-katilim-sagladik\/\">Continue reading<\/a>\t\t\t\t\t<\/div>\n\t\t\t\t\t\t\t<\/div>\n\n\t\t\t<\/div>\n\t<\/article>\n\t\t\t\t\t\t\t\t\t\t\t\n<article id=\"post-33080\" class=\"wd-post blog-design-meta-image blog-post-loop blog-style-bg wd-col post-33080 post type-post status-publish format-standard has-post-thumbnail hentry category-haber\">\n\t\t\t<div class=\"wd-post-inner\">\n\t\n\t<div class=\"wd-post-thumb color-scheme-light\">\n\t\t\t\t\t<div class=\"wd-post-img\">\n\t\t\t\t<img width=\"678\" height=\"381\" src=\"https:\/\/www.isiyad.net\/wp-content\/uploads\/2025\/08\/b0acfd75-ddc9-4455-8598-eb65e0cf269b-678x381-1.jpg\" class=\"attachment-large size-large\" alt=\"\" decoding=\"async\" srcset=\"https:\/\/www.isiyad.net\/wp-content\/uploads\/2025\/08\/b0acfd75-ddc9-4455-8598-eb65e0cf269b-678x381-1.jpg 678w, https:\/\/www.isiyad.net\/wp-content\/uploads\/2025\/08\/b0acfd75-ddc9-4455-8598-eb65e0cf269b-678x381-1-150x84.jpg 150w, https:\/\/www.isiyad.net\/wp-content\/uploads\/2025\/08\/b0acfd75-ddc9-4455-8598-eb65e0cf269b-678x381-1-300x169.jpg 300w\" sizes=\"(max-width: 678px) 100vw, 678px\" \/>\t\t\t<\/div>\n\t\t\n\t\t\t\t<a class=\"wd-post-link wd-fill\" href=\"https:\/\/www.isiyad.net\/national-unity-and-solidarity-meetings-for-a-terrorism-free-turkey\/\" rel=\"bookmark\" aria-label=\"Link on post NATIONAL UNITY AND SOLIDARITY MEETINGS FOR A TERRORISM-FREE TURKEY\"><\/a>\n\n\t\t\t\t\t<div class=\"wd-post-header\">\n\t\t\t\t\t\t\t\t<div class=\"wd-post-author wd-meta-author\">\n\t\t\t\t\t\t\t\n\t\t\t\t\t<img alt='author-avatar' src='https:\/\/secure.gravatar.com\/avatar\/31bd59d65f2d9f5390ae193d420275df27981ded3fc037b2504d8df2417ca825?s=22&#038;d=mm&#038;r=g' srcset='https:\/\/secure.gravatar.com\/avatar\/31bd59d65f2d9f5390ae193d420275df27981ded3fc037b2504d8df2417ca825?s=44&#038;d=mm&#038;r=g 2x' class='avatar avatar-22 photo' height='22' width='22' decoding='async'\/>\t\t\n\t\t\t\t\t<a href=\"https:\/\/www.isiyad.net\/author\/adminisi\/\" class=\"author\" rel=\"author\">adminisi<\/a>\n\t\t\t\t\t\t\t\t<\/div>\n\n\t\t\t\t<div class=\"wd-post-actions\">\n\t\t\t\t\t\t\t\t\t\t\t<div class=\"wd-post-share wd-tltp\">\n\t\t\t\t\t\t\t<div class=\"tooltip top\">\n\t\t\t\t\t\t\t\t<div class=\"tooltip-inner\">\n\t\t\t\t\t\t\t\t\t\t\t\t<div\n\t\t\t\t\t\tclass=\" wd-social-icons  wd-style-default wd-size-small social-share wd-shape-circle color-scheme-light text-center\">\n\t\t\t\t\n\t\t\t\t\n\t\t\t\t\t\t\t\t\t<a rel=\"noopener noreferrer nofollow\" href=\"https:\/\/www.facebook.com\/sharer\/sharer.php?u=https:\/\/www.isiyad.net\/national-unity-and-solidarity-meetings-for-a-terrorism-free-turkey\/\" target=\"_blank\" class=\" wd-social-icon social-facebook\" aria-label=\"Facebook social link\">\n\t\t\t\t\t\t<span class=\"wd-icon\"><\/span>\n\t\t\t\t\t\t\t\t\t\t\t<\/a>\n\t\t\t\t\n\t\t\t\t\t\t\t\t\t<a rel=\"noopener noreferrer nofollow\" href=\"https:\/\/x.com\/share?url=https:\/\/www.isiyad.net\/national-unity-and-solidarity-meetings-for-a-terrorism-free-turkey\/\" target=\"_blank\" class=\" wd-social-icon social-twitter\" aria-label=\"X social link\">\n\t\t\t\t\t\t<span class=\"wd-icon\"><\/span>\n\t\t\t\t\t\t\t\t\t\t\t<\/a>\n\t\t\t\t\n\t\t\t\t\n\t\t\t\t\n\t\t\t\t\n\t\t\t\t\n\t\t\t\t\n\t\t\t\t\t\t\t\t\t<a rel=\"noopener noreferrer nofollow\" href=\"https:\/\/pinterest.com\/pin\/create\/button\/?url=https:\/\/www.isiyad.net\/national-unity-and-solidarity-meetings-for-a-terrorism-free-turkey\/&media=https:\/\/www.isiyad.net\/wp-content\/uploads\/2025\/08\/b0acfd75-ddc9-4455-8598-eb65e0cf269b-678x381-1.jpg&description=NATIONAL+UNITY+AND+SOLIDARITY+MEETINGS+FOR+A+TERRORISM-FREE+TURKEY\" target=\"_blank\" class=\" wd-social-icon social-pinterest\" aria-label=\"Pinterest social link\">\n\t\t\t\t\t\t<span class=\"wd-icon\"><\/span>\n\t\t\t\t\t\t\t\t\t\t\t<\/a>\n\t\t\t\t\n\t\t\t\t\n\t\t\t\t\t\t\t\t\t<a rel=\"noopener noreferrer nofollow\" href=\"https:\/\/www.linkedin.com\/shareArticle?mini=true&url=https:\/\/www.isiyad.net\/national-unity-and-solidarity-meetings-for-a-terrorism-free-turkey\/\" target=\"_blank\" class=\" wd-social-icon social-linkedin\" aria-label=\"Linkedin social link\">\n\t\t\t\t\t\t<span class=\"wd-icon\"><\/span>\n\t\t\t\t\t\t\t\t\t\t\t<\/a>\n\t\t\t\t\n\t\t\t\t\n\t\t\t\t\n\t\t\t\t\n\t\t\t\t\n\t\t\t\t\n\t\t\t\t\n\t\t\t\t\n\t\t\t\t\n\t\t\t\t\n\t\t\t\t\n\t\t\t\t\n\t\t\t\t\n\t\t\t\t\n\t\t\t\t\n\t\t\t\t\t\t\t\t\t<a rel=\"noopener noreferrer nofollow\" href=\"https:\/\/telegram.me\/share\/url?url=https:\/\/www.isiyad.net\/national-unity-and-solidarity-meetings-for-a-terrorism-free-turkey\/\" target=\"_blank\" class=\" wd-social-icon social-tg\" aria-label=\"Telegram social link\">\n\t\t\t\t\t\t<span class=\"wd-icon\"><\/span>\n\t\t\t\t\t\t\t\t\t\t\t<\/a>\n\t\t\t\t\n\t\t\t\t\n\t\t\t<\/div>\n\n\t\t\t\t\t\t\t\t\t\t<\/div>\n\t\t\t\t\t\t\t\t<div class=\"tooltip-arrow\"><\/div>\n\t\t\t\t\t\t\t<\/div>\n\t\t\t\t\t\t<\/div>\n\t\t\t\t\t\n\t\t\t\t\t\t\t\t\t\t\t\t\t\t\t\t\t<div class=\"wd-post-reply wd-meta-reply wd-style-1\">\n\t\t\t\t\t\t\t<a href=\"https:\/\/www.isiyad.net\/national-unity-and-solidarity-meetings-for-a-terrorism-free-turkey\/#respond\"><span class=\"wd-replies-count\">0<\/span><\/a>\t\t\t\t\t\t<\/div>\n\t\t\t\t\t\t\t\t\t<\/div>\n\t\t\t<\/div>\n\t\t\t<\/div>\n\n\t<div class=\"wd-post-content\">\n\t\t<div class=\"wd-post-meta wd-post-entry-meta\">\n\t\t\t\n\t\t\t\t\t\t\t<div class=\"wd-post-cat wd-style-default\">\n\t\t\t\t\t<a href=\"https:\/\/www.isiyad.net\/category\/haber\/\" rel=\"category tag\">Haber<\/a>\t\t\t\t<\/div>\n\t\t\t\n\t\t\t\t\t<\/div>\n\n\t\t\t\t\t<h3 class=\"wd-post-title wd-entities-title title post-title\">\n\t\t\t\t<a href=\"https:\/\/www.isiyad.net\/national-unity-and-solidarity-meetings-for-a-terrorism-free-turkey\/\" rel=\"bookmark\">\n\t\t\t\t\tNATIONAL UNITY AND SOLIDARITY MEETINGS FOR A TERRORISM-FREE TURKEY\t\t\t\t<\/a>\n\t\t\t<\/h3>\n\t\t\n\t\t\t\t\t<div class=\"wd-post-excerpt\">\n\t\t\t\t\t\t\t\t\tWe participated on behalf of ISIYAD in the meeting titled \"NATIONAL UNITY AND SOLIDARITY MEETINGS FOR A TERRORISM-FREE TURKEY...\t\t\t\t\t\t\t<\/div>\n\t\t\n\t\t\t\t\t\t\t\t\t\t<div class=\"wd-post-read-more wd-style-link read-more-section\">\n\t\t\t\t\t\t<a class=\"\" href=\"https:\/\/www.isiyad.net\/national-unity-and-solidarity-meetings-for-a-terrorism-free-turkey\/\">Continue reading<\/a>\t\t\t\t\t<\/div>\n\t\t\t\t\t\t\t<\/div>\n\n\t\t\t<\/div>\n\t<\/article>\n\t\t\t\t\t\t\t\t\t\t\t\n<article id=\"post-32725\" class=\"wd-post blog-design-meta-image blog-post-loop blog-style-bg wd-col post-32725 post type-post status-publish format-standard has-post-thumbnail hentry category-haber\">\n\t\t\t<div class=\"wd-post-inner\">\n\t\n\t<div class=\"wd-post-thumb color-scheme-light\">\n\t\t\t\t\t<div class=\"wd-post-img\">\n\t\t\t\t<img width=\"678\" height=\"381\" src=\"https:\/\/www.isiyad.net\/wp-content\/uploads\/2025\/08\/f34cac49-d09a-4253-90de-10903b89f071-678x381-1.jpg\" class=\"attachment-large size-large\" alt=\"\" decoding=\"async\" srcset=\"https:\/\/www.isiyad.net\/wp-content\/uploads\/2025\/08\/f34cac49-d09a-4253-90de-10903b89f071-678x381-1.jpg 678w, https:\/\/www.isiyad.net\/wp-content\/uploads\/2025\/08\/f34cac49-d09a-4253-90de-10903b89f071-678x381-1-150x84.jpg 150w, https:\/\/www.isiyad.net\/wp-content\/uploads\/2025\/08\/f34cac49-d09a-4253-90de-10903b89f071-678x381-1-300x169.jpg 300w\" sizes=\"(max-width: 678px) 100vw, 678px\" \/>\t\t\t<\/div>\n\t\t\n\t\t\t\t<a class=\"wd-post-link wd-fill\" href=\"https:\/\/www.isiyad.net\/7-is-gelistirme-ve-entegrasyon-zirvesi-30-eylul-2025-tarihinde-gerceklestirildi\/\" rel=\"bookmark\" aria-label=\"Link on post 7. \u0130\u015f Geli\u015ftirme ve Entegrasyon Zirvesi 30 Eyl\u00fcl 2025 tarihinde\"><\/a>\n\n\t\t\t\t\t<div class=\"wd-post-header\">\n\t\t\t\t\t\t\t\t<div class=\"wd-post-author wd-meta-author\">\n\t\t\t\t\t\t\t\n\t\t\t\t\t<img alt='author-avatar' src='https:\/\/secure.gravatar.com\/avatar\/31bd59d65f2d9f5390ae193d420275df27981ded3fc037b2504d8df2417ca825?s=22&#038;d=mm&#038;r=g' srcset='https:\/\/secure.gravatar.com\/avatar\/31bd59d65f2d9f5390ae193d420275df27981ded3fc037b2504d8df2417ca825?s=44&#038;d=mm&#038;r=g 2x' class='avatar avatar-22 photo' height='22' width='22' decoding='async'\/>\t\t\n\t\t\t\t\t<a href=\"https:\/\/www.isiyad.net\/author\/adminisi\/\" class=\"author\" rel=\"author\">adminisi<\/a>\n\t\t\t\t\t\t\t\t<\/div>\n\n\t\t\t\t<div class=\"wd-post-actions\">\n\t\t\t\t\t\t\t\t\t\t\t<div class=\"wd-post-share wd-tltp\">\n\t\t\t\t\t\t\t<div class=\"tooltip top\">\n\t\t\t\t\t\t\t\t<div class=\"tooltip-inner\">\n\t\t\t\t\t\t\t\t\t\t\t\t<div\n\t\t\t\t\t\tclass=\" wd-social-icons  wd-style-default wd-size-small social-share wd-shape-circle color-scheme-light text-center\">\n\t\t\t\t\n\t\t\t\t\n\t\t\t\t\t\t\t\t\t<a rel=\"noopener noreferrer nofollow\" href=\"https:\/\/www.facebook.com\/sharer\/sharer.php?u=https:\/\/www.isiyad.net\/7-is-gelistirme-ve-entegrasyon-zirvesi-30-eylul-2025-tarihinde-gerceklestirildi\/\" target=\"_blank\" class=\" wd-social-icon social-facebook\" aria-label=\"Facebook social link\">\n\t\t\t\t\t\t<span class=\"wd-icon\"><\/span>\n\t\t\t\t\t\t\t\t\t\t\t<\/a>\n\t\t\t\t\n\t\t\t\t\t\t\t\t\t<a rel=\"noopener noreferrer nofollow\" href=\"https:\/\/x.com\/share?url=https:\/\/www.isiyad.net\/7-is-gelistirme-ve-entegrasyon-zirvesi-30-eylul-2025-tarihinde-gerceklestirildi\/\" target=\"_blank\" class=\" wd-social-icon social-twitter\" aria-label=\"X social link\">\n\t\t\t\t\t\t<span class=\"wd-icon\"><\/span>\n\t\t\t\t\t\t\t\t\t\t\t<\/a>\n\t\t\t\t\n\t\t\t\t\n\t\t\t\t\n\t\t\t\t\n\t\t\t\t\n\t\t\t\t\n\t\t\t\t\t\t\t\t\t<a rel=\"noopener noreferrer nofollow\" href=\"https:\/\/pinterest.com\/pin\/create\/button\/?url=https:\/\/www.isiyad.net\/7-is-gelistirme-ve-entegrasyon-zirvesi-30-eylul-2025-tarihinde-gerceklestirildi\/&media=https:\/\/www.isiyad.net\/wp-content\/uploads\/2025\/08\/f34cac49-d09a-4253-90de-10903b89f071-678x381-1.jpg&description=7.+%C4%B0%C5%9F+Geli%C5%9Ftirme+ve+Entegrasyon+Zirvesi+30+Eyl%C3%BCl+2025+tarihinde\" target=\"_blank\" class=\" wd-social-icon social-pinterest\" aria-label=\"Pinterest social link\">\n\t\t\t\t\t\t<span class=\"wd-icon\"><\/span>\n\t\t\t\t\t\t\t\t\t\t\t<\/a>\n\t\t\t\t\n\t\t\t\t\n\t\t\t\t\t\t\t\t\t<a rel=\"noopener noreferrer nofollow\" href=\"https:\/\/www.linkedin.com\/shareArticle?mini=true&url=https:\/\/www.isiyad.net\/7-is-gelistirme-ve-entegrasyon-zirvesi-30-eylul-2025-tarihinde-gerceklestirildi\/\" target=\"_blank\" class=\" wd-social-icon social-linkedin\" aria-label=\"Linkedin social link\">\n\t\t\t\t\t\t<span class=\"wd-icon\"><\/span>\n\t\t\t\t\t\t\t\t\t\t\t<\/a>\n\t\t\t\t\n\t\t\t\t\n\t\t\t\t\n\t\t\t\t\n\t\t\t\t\n\t\t\t\t\n\t\t\t\t\n\t\t\t\t\n\t\t\t\t\n\t\t\t\t\n\t\t\t\t\n\t\t\t\t\n\t\t\t\t\n\t\t\t\t\n\t\t\t\t\n\t\t\t\t\t\t\t\t\t<a rel=\"noopener noreferrer nofollow\" href=\"https:\/\/telegram.me\/share\/url?url=https:\/\/www.isiyad.net\/7-is-gelistirme-ve-entegrasyon-zirvesi-30-eylul-2025-tarihinde-gerceklestirildi\/\" target=\"_blank\" class=\" wd-social-icon social-tg\" aria-label=\"Telegram social link\">\n\t\t\t\t\t\t<span class=\"wd-icon\"><\/span>\n\t\t\t\t\t\t\t\t\t\t\t<\/a>\n\t\t\t\t\n\t\t\t\t\n\t\t\t<\/div>\n\n\t\t\t\t\t\t\t\t\t\t<\/div>\n\t\t\t\t\t\t\t\t<div class=\"tooltip-arrow\"><\/div>\n\t\t\t\t\t\t\t<\/div>\n\t\t\t\t\t\t<\/div>\n\t\t\t\t\t\n\t\t\t\t\t\t\t\t\t\t\t\t\t\t\t\t\t<div class=\"wd-post-reply wd-meta-reply wd-style-1\">\n\t\t\t\t\t\t\t<a href=\"https:\/\/www.isiyad.net\/7-is-gelistirme-ve-entegrasyon-zirvesi-30-eylul-2025-tarihinde-gerceklestirildi\/#respond\"><span class=\"wd-replies-count\">0<\/span><\/a>\t\t\t\t\t\t<\/div>\n\t\t\t\t\t\t\t\t\t<\/div>\n\t\t\t<\/div>\n\t\t\t<\/div>\n\n\t<div class=\"wd-post-content\">\n\t\t<div class=\"wd-post-meta wd-post-entry-meta\">\n\t\t\t\n\t\t\t\t\t\t\t<div class=\"wd-post-cat wd-style-default\">\n\t\t\t\t\t<a href=\"https:\/\/www.isiyad.net\/category\/haber\/\" rel=\"category tag\">Haber<\/a>\t\t\t\t<\/div>\n\t\t\t\n\t\t\t\t\t<\/div>\n\n\t\t\t\t\t<h3 class=\"wd-post-title wd-entities-title title post-title\">\n\t\t\t\t<a href=\"https:\/\/www.isiyad.net\/7-is-gelistirme-ve-entegrasyon-zirvesi-30-eylul-2025-tarihinde-gerceklestirildi\/\" rel=\"bookmark\">\n\t\t\t\t\t7. \u0130\u015f Geli\u015ftirme ve Entegrasyon Zirvesi 30 Eyl\u00fcl 2025 tarihinde\t\t\t\t<\/a>\n\t\t\t<\/h3>\n\t\t\n\t\t\t\t\t<div class=\"wd-post-excerpt\">\n\t\t\t\t\t\t\t\t\t( \u0130S\u0130YAD ) \u0130stanbul Sanayici ve Yat\u0131r\u0131mc\u0131 \u0130\u015fadamlar\u0131 Derne\u011fi ve karde\u015f derne\u011fimiz ( US\u0130AD ) Uluslararas\u0131 Sanayiciler ve \u0130\u015f \u0130n...\t\t\t\t\t\t\t<\/div>\n\t\t\n\t\t\t\t\t\t\t\t\t\t<div class=\"wd-post-read-more wd-style-link read-more-section\">\n\t\t\t\t\t\t<a class=\"\" href=\"https:\/\/www.isiyad.net\/7-is-gelistirme-ve-entegrasyon-zirvesi-30-eylul-2025-tarihinde-gerceklestirildi\/\">Continue reading<\/a>\t\t\t\t\t<\/div>\n\t\t\t\t\t\t\t<\/div>\n\n\t\t\t<\/div>\n\t<\/article>\n\t\t\t\t\t\t\t\t\t\t\t\n<article id=\"post-32768\" class=\"wd-post blog-design-meta-image blog-post-loop blog-style-bg wd-col post-32768 post type-post status-publish format-standard has-post-thumbnail hentry category-haber\">\n\t\t\t<div class=\"wd-post-inner\">\n\t\n\t<div class=\"wd-post-thumb color-scheme-light\">\n\t\t\t\t\t<div class=\"wd-post-img\">\n\t\t\t\t<img width=\"678\" height=\"381\" src=\"https:\/\/www.isiyad.net\/wp-content\/uploads\/2025\/08\/2025-08-01-tugva-02-1-678x38112-1.jpg\" class=\"attachment-large size-large\" alt=\"Cumhurba\u015fkan\u0131 Erdo\u011fan, T\u00dcGVA Yaz Okullar\u0131 Finali Program\u0131\u2019nda yapt\u0131\u011f\u0131 konu\u015fmada, \u201cT\u00fcrkiye Y\u00fczy\u0131l\u0131 vizyonumuzun kuvveden fiile \u00e7\u0131kmas\u0131na \u00e7ok az kald\u0131, milletimizin hasretini \u00e7ekti\u011fi b\u00fcy\u00fck ve g\u00fc\u00e7l\u00fc T\u00fcrkiye\u2019ye kavu\u015fmam\u0131za \u00e7ok az kald\u0131. Zul\u00fcmle, krizle, \u00e7at\u0131\u015fmayla bo\u011fu\u015fan co\u011frafyam\u0131zda bar\u0131\u015f r\u00fczg\u00e2rlar\u0131n\u0131n esmesine inan\u0131n \u00e7ok az kald\u0131\u201d dedi.\" decoding=\"async\" srcset=\"https:\/\/www.isiyad.net\/wp-content\/uploads\/2025\/08\/2025-08-01-tugva-02-1-678x38112-1.jpg 678w, https:\/\/www.isiyad.net\/wp-content\/uploads\/2025\/08\/2025-08-01-tugva-02-1-678x38112-1-150x84.jpg 150w, https:\/\/www.isiyad.net\/wp-content\/uploads\/2025\/08\/2025-08-01-tugva-02-1-678x38112-1-300x169.jpg 300w\" sizes=\"(max-width: 678px) 100vw, 678px\" \/>\t\t\t<\/div>\n\t\t\n\t\t\t\t<a class=\"wd-post-link wd-fill\" href=\"https:\/\/www.isiyad.net\/cumhurbaskani-erdogan-tugva-yaz-okullari-kapanis-toreninde-konusma-yapti\/\" rel=\"bookmark\" aria-label=\"Link on post Cumhurba\u015fkan\u0131 Erdo\u011fan, T\u00dcGVA Yaz Okullar\u0131 Kapan\u0131\u015f\"><\/a>\n\n\t\t\t\t\t<div class=\"wd-post-header\">\n\t\t\t\t\t\t\t\t<div class=\"wd-post-author wd-meta-author\">\n\t\t\t\t\t\t\t\n\t\t\t\t\t<img alt='author-avatar' src='https:\/\/secure.gravatar.com\/avatar\/31bd59d65f2d9f5390ae193d420275df27981ded3fc037b2504d8df2417ca825?s=22&#038;d=mm&#038;r=g' srcset='https:\/\/secure.gravatar.com\/avatar\/31bd59d65f2d9f5390ae193d420275df27981ded3fc037b2504d8df2417ca825?s=44&#038;d=mm&#038;r=g 2x' class='avatar avatar-22 photo' height='22' width='22' decoding='async'\/>\t\t\n\t\t\t\t\t<a href=\"https:\/\/www.isiyad.net\/author\/adminisi\/\" class=\"author\" rel=\"author\">adminisi<\/a>\n\t\t\t\t\t\t\t\t<\/div>\n\n\t\t\t\t<div class=\"wd-post-actions\">\n\t\t\t\t\t\t\t\t\t\t\t<div class=\"wd-post-share wd-tltp\">\n\t\t\t\t\t\t\t<div class=\"tooltip top\">\n\t\t\t\t\t\t\t\t<div class=\"tooltip-inner\">\n\t\t\t\t\t\t\t\t\t\t\t\t<div\n\t\t\t\t\t\tclass=\" wd-social-icons  wd-style-default wd-size-small social-share wd-shape-circle color-scheme-light text-center\">\n\t\t\t\t\n\t\t\t\t\n\t\t\t\t\t\t\t\t\t<a rel=\"noopener noreferrer nofollow\" href=\"https:\/\/www.facebook.com\/sharer\/sharer.php?u=https:\/\/www.isiyad.net\/cumhurbaskani-erdogan-tugva-yaz-okullari-kapanis-toreninde-konusma-yapti\/\" target=\"_blank\" class=\" wd-social-icon social-facebook\" aria-label=\"Facebook social link\">\n\t\t\t\t\t\t<span class=\"wd-icon\"><\/span>\n\t\t\t\t\t\t\t\t\t\t\t<\/a>\n\t\t\t\t\n\t\t\t\t\t\t\t\t\t<a rel=\"noopener noreferrer nofollow\" href=\"https:\/\/x.com\/share?url=https:\/\/www.isiyad.net\/cumhurbaskani-erdogan-tugva-yaz-okullari-kapanis-toreninde-konusma-yapti\/\" target=\"_blank\" class=\" wd-social-icon social-twitter\" aria-label=\"X social link\">\n\t\t\t\t\t\t<span class=\"wd-icon\"><\/span>\n\t\t\t\t\t\t\t\t\t\t\t<\/a>\n\t\t\t\t\n\t\t\t\t\n\t\t\t\t\n\t\t\t\t\n\t\t\t\t\n\t\t\t\t\n\t\t\t\t\t\t\t\t\t<a rel=\"noopener noreferrer nofollow\" href=\"https:\/\/pinterest.com\/pin\/create\/button\/?url=https:\/\/www.isiyad.net\/cumhurbaskani-erdogan-tugva-yaz-okullari-kapanis-toreninde-konusma-yapti\/&media=https:\/\/www.isiyad.net\/wp-content\/uploads\/2025\/08\/2025-08-01-tugva-02-1-678x38112-1.jpg&description=Cumhurba%C5%9Fkan%C4%B1+Erdo%C4%9Fan%2C+T%C3%9CGVA+Yaz+Okullar%C4%B1+Kapan%C4%B1%C5%9F\" target=\"_blank\" class=\" wd-social-icon social-pinterest\" aria-label=\"Pinterest social link\">\n\t\t\t\t\t\t<span class=\"wd-icon\"><\/span>\n\t\t\t\t\t\t\t\t\t\t\t<\/a>\n\t\t\t\t\n\t\t\t\t\n\t\t\t\t\t\t\t\t\t<a rel=\"noopener noreferrer nofollow\" href=\"https:\/\/www.linkedin.com\/shareArticle?mini=true&url=https:\/\/www.isiyad.net\/cumhurbaskani-erdogan-tugva-yaz-okullari-kapanis-toreninde-konusma-yapti\/\" target=\"_blank\" class=\" wd-social-icon social-linkedin\" aria-label=\"Linkedin social link\">\n\t\t\t\t\t\t<span class=\"wd-icon\"><\/span>\n\t\t\t\t\t\t\t\t\t\t\t<\/a>\n\t\t\t\t\n\t\t\t\t\n\t\t\t\t\n\t\t\t\t\n\t\t\t\t\n\t\t\t\t\n\t\t\t\t\n\t\t\t\t\n\t\t\t\t\n\t\t\t\t\n\t\t\t\t\n\t\t\t\t\n\t\t\t\t\n\t\t\t\t\n\t\t\t\t\n\t\t\t\t\t\t\t\t\t<a rel=\"noopener noreferrer nofollow\" href=\"https:\/\/telegram.me\/share\/url?url=https:\/\/www.isiyad.net\/cumhurbaskani-erdogan-tugva-yaz-okullari-kapanis-toreninde-konusma-yapti\/\" target=\"_blank\" class=\" wd-social-icon social-tg\" aria-label=\"Telegram social link\">\n\t\t\t\t\t\t<span class=\"wd-icon\"><\/span>\n\t\t\t\t\t\t\t\t\t\t\t<\/a>\n\t\t\t\t\n\t\t\t\t\n\t\t\t<\/div>\n\n\t\t\t\t\t\t\t\t\t\t<\/div>\n\t\t\t\t\t\t\t\t<div class=\"tooltip-arrow\"><\/div>\n\t\t\t\t\t\t\t<\/div>\n\t\t\t\t\t\t<\/div>\n\t\t\t\t\t\n\t\t\t\t\t\t\t\t\t\t\t\t\t\t\t\t\t<div class=\"wd-post-reply wd-meta-reply wd-style-1\">\n\t\t\t\t\t\t\t<a href=\"https:\/\/www.isiyad.net\/cumhurbaskani-erdogan-tugva-yaz-okullari-kapanis-toreninde-konusma-yapti\/#respond\"><span class=\"wd-replies-count\">0<\/span><\/a>\t\t\t\t\t\t<\/div>\n\t\t\t\t\t\t\t\t\t<\/div>\n\t\t\t<\/div>\n\t\t\t<\/div>\n\n\t<div class=\"wd-post-content\">\n\t\t<div class=\"wd-post-meta wd-post-entry-meta\">\n\t\t\t\n\t\t\t\t\t\t\t<div class=\"wd-post-cat wd-style-default\">\n\t\t\t\t\t<a href=\"https:\/\/www.isiyad.net\/category\/haber\/\" rel=\"category tag\">Haber<\/a>\t\t\t\t<\/div>\n\t\t\t\n\t\t\t\t\t<\/div>\n\n\t\t\t\t\t<h3 class=\"wd-post-title wd-entities-title title post-title\">\n\t\t\t\t<a href=\"https:\/\/www.isiyad.net\/cumhurbaskani-erdogan-tugva-yaz-okullari-kapanis-toreninde-konusma-yapti\/\" rel=\"bookmark\">\n\t\t\t\t\tCumhurba\u015fkan\u0131 Erdo\u011fan, T\u00dcGVA Yaz Okullar\u0131 Kapan\u0131\u015f\t\t\t\t<\/a>\n\t\t\t<\/h3>\n\t\t\n\t\t\t\t\t<div class=\"wd-post-excerpt\">\n\t\t\t\t\t\t\t\t\tCumhurba\u015fkan\u0131 Erdo\u011fan, T\u00dcGVA Yaz Okullar\u0131 Finali Program\u0131\u2019nda yapt\u0131\u011f\u0131 konu\u015fmada, \u201cT\u00fcrkiye Y\u00fczy\u0131l\u0131 vizyonumuzun kuvveden fiile...\t\t\t\t\t\t\t<\/div>\n\t\t\n\t\t\t\t\t\t\t\t\t\t<div class=\"wd-post-read-more wd-style-link read-more-section\">\n\t\t\t\t\t\t<a class=\"\" href=\"https:\/\/www.isiyad.net\/cumhurbaskani-erdogan-tugva-yaz-okullari-kapanis-toreninde-konusma-yapti\/\">Continue reading<\/a>\t\t\t\t\t<\/div>\n\t\t\t\t\t\t\t<\/div>\n\n\t\t\t<\/div>\n\t<\/article>\n\t\t\t\t\t\t\t\t\t\t\t\n<article id=\"post-32724\" class=\"wd-post blog-design-meta-image blog-post-loop blog-style-bg wd-col post-32724 post type-post status-publish format-standard has-post-thumbnail hentry category-haber\">\n\t\t\t<div class=\"wd-post-inner\">\n\t\n\t<div class=\"wd-post-thumb color-scheme-light\">\n\t\t\t\t\t<div class=\"wd-post-img\">\n\t\t\t\t<img width=\"678\" height=\"381\" src=\"https:\/\/www.isiyad.net\/wp-content\/uploads\/2025\/08\/Cumhurbaskani-Recep.png\" class=\"attachment-large size-large\" alt=\"\" decoding=\"async\" srcset=\"https:\/\/www.isiyad.net\/wp-content\/uploads\/2025\/08\/Cumhurbaskani-Recep.png 678w, https:\/\/www.isiyad.net\/wp-content\/uploads\/2025\/08\/Cumhurbaskani-Recep-150x84.png 150w, https:\/\/www.isiyad.net\/wp-content\/uploads\/2025\/08\/Cumhurbaskani-Recep-300x169.png 300w\" sizes=\"(max-width: 678px) 100vw, 678px\" \/>\t\t\t<\/div>\n\t\t\n\t\t\t\t<a class=\"wd-post-link wd-fill\" href=\"https:\/\/www.isiyad.net\/cumhurbaskani-recep-tayyip-erdogan-giorgia-meloni-ve-abdelhamid-debibe-ile-gorustu\/\" rel=\"bookmark\" aria-label=\"Link on post Cumhurba\u015fkan\u0131 Recep Tayyip Erdo\u011fan, Giorgia Meloni ve\"><\/a>\n\n\t\t\t\t\t<div class=\"wd-post-header\">\n\t\t\t\t\t\t\t\t<div class=\"wd-post-author wd-meta-author\">\n\t\t\t\t\t\t\t\n\t\t\t\t\t<img alt='author-avatar' src='https:\/\/secure.gravatar.com\/avatar\/31bd59d65f2d9f5390ae193d420275df27981ded3fc037b2504d8df2417ca825?s=22&#038;d=mm&#038;r=g' srcset='https:\/\/secure.gravatar.com\/avatar\/31bd59d65f2d9f5390ae193d420275df27981ded3fc037b2504d8df2417ca825?s=44&#038;d=mm&#038;r=g 2x' class='avatar avatar-22 photo' height='22' width='22' decoding='async'\/>\t\t\n\t\t\t\t\t<a href=\"https:\/\/www.isiyad.net\/author\/adminisi\/\" class=\"author\" rel=\"author\">adminisi<\/a>\n\t\t\t\t\t\t\t\t<\/div>\n\n\t\t\t\t<div class=\"wd-post-actions\">\n\t\t\t\t\t\t\t\t\t\t\t<div class=\"wd-post-share wd-tltp\">\n\t\t\t\t\t\t\t<div class=\"tooltip top\">\n\t\t\t\t\t\t\t\t<div class=\"tooltip-inner\">\n\t\t\t\t\t\t\t\t\t\t\t\t<div\n\t\t\t\t\t\tclass=\" wd-social-icons  wd-style-default wd-size-small social-share wd-shape-circle color-scheme-light text-center\">\n\t\t\t\t\n\t\t\t\t\n\t\t\t\t\t\t\t\t\t<a rel=\"noopener noreferrer nofollow\" href=\"https:\/\/www.facebook.com\/sharer\/sharer.php?u=https:\/\/www.isiyad.net\/cumhurbaskani-recep-tayyip-erdogan-giorgia-meloni-ve-abdelhamid-debibe-ile-gorustu\/\" target=\"_blank\" class=\" wd-social-icon social-facebook\" aria-label=\"Facebook social link\">\n\t\t\t\t\t\t<span class=\"wd-icon\"><\/span>\n\t\t\t\t\t\t\t\t\t\t\t<\/a>\n\t\t\t\t\n\t\t\t\t\t\t\t\t\t<a rel=\"noopener noreferrer nofollow\" href=\"https:\/\/x.com\/share?url=https:\/\/www.isiyad.net\/cumhurbaskani-recep-tayyip-erdogan-giorgia-meloni-ve-abdelhamid-debibe-ile-gorustu\/\" target=\"_blank\" class=\" wd-social-icon social-twitter\" aria-label=\"X social link\">\n\t\t\t\t\t\t<span class=\"wd-icon\"><\/span>\n\t\t\t\t\t\t\t\t\t\t\t<\/a>\n\t\t\t\t\n\t\t\t\t\n\t\t\t\t\n\t\t\t\t\n\t\t\t\t\n\t\t\t\t\n\t\t\t\t\t\t\t\t\t<a rel=\"noopener noreferrer nofollow\" href=\"https:\/\/pinterest.com\/pin\/create\/button\/?url=https:\/\/www.isiyad.net\/cumhurbaskani-recep-tayyip-erdogan-giorgia-meloni-ve-abdelhamid-debibe-ile-gorustu\/&media=https:\/\/www.isiyad.net\/wp-content\/uploads\/2025\/08\/Cumhurbaskani-Recep.png&description=Cumhurba%C5%9Fkan%C4%B1+Recep+Tayyip+Erdo%C4%9Fan%2C+Giorgia+Meloni+ve\" target=\"_blank\" class=\" wd-social-icon social-pinterest\" aria-label=\"Pinterest social link\">\n\t\t\t\t\t\t<span class=\"wd-icon\"><\/span>\n\t\t\t\t\t\t\t\t\t\t\t<\/a>\n\t\t\t\t\n\t\t\t\t\n\t\t\t\t\t\t\t\t\t<a rel=\"noopener noreferrer nofollow\" href=\"https:\/\/www.linkedin.com\/shareArticle?mini=true&url=https:\/\/www.isiyad.net\/cumhurbaskani-recep-tayyip-erdogan-giorgia-meloni-ve-abdelhamid-debibe-ile-gorustu\/\" target=\"_blank\" class=\" wd-social-icon social-linkedin\" aria-label=\"Linkedin social link\">\n\t\t\t\t\t\t<span class=\"wd-icon\"><\/span>\n\t\t\t\t\t\t\t\t\t\t\t<\/a>\n\t\t\t\t\n\t\t\t\t\n\t\t\t\t\n\t\t\t\t\n\t\t\t\t\n\t\t\t\t\n\t\t\t\t\n\t\t\t\t\n\t\t\t\t\n\t\t\t\t\n\t\t\t\t\n\t\t\t\t\n\t\t\t\t\n\t\t\t\t\n\t\t\t\t\n\t\t\t\t\t\t\t\t\t<a rel=\"noopener noreferrer nofollow\" href=\"https:\/\/telegram.me\/share\/url?url=https:\/\/www.isiyad.net\/cumhurbaskani-recep-tayyip-erdogan-giorgia-meloni-ve-abdelhamid-debibe-ile-gorustu\/\" target=\"_blank\" class=\" wd-social-icon social-tg\" aria-label=\"Telegram social link\">\n\t\t\t\t\t\t<span class=\"wd-icon\"><\/span>\n\t\t\t\t\t\t\t\t\t\t\t<\/a>\n\t\t\t\t\n\t\t\t\t\n\t\t\t<\/div>\n\n\t\t\t\t\t\t\t\t\t\t<\/div>\n\t\t\t\t\t\t\t\t<div class=\"tooltip-arrow\"><\/div>\n\t\t\t\t\t\t\t<\/div>\n\t\t\t\t\t\t<\/div>\n\t\t\t\t\t\n\t\t\t\t\t\t\t\t\t\t\t\t\t\t\t\t\t<div class=\"wd-post-reply wd-meta-reply wd-style-1\">\n\t\t\t\t\t\t\t<a href=\"https:\/\/www.isiyad.net\/cumhurbaskani-recep-tayyip-erdogan-giorgia-meloni-ve-abdelhamid-debibe-ile-gorustu\/#respond\"><span class=\"wd-replies-count\">0<\/span><\/a>\t\t\t\t\t\t<\/div>\n\t\t\t\t\t\t\t\t\t<\/div>\n\t\t\t<\/div>\n\t\t\t<\/div>\n\n\t<div class=\"wd-post-content\">\n\t\t<div class=\"wd-post-meta wd-post-entry-meta\">\n\t\t\t\n\t\t\t\t\t\t\t<div class=\"wd-post-cat wd-style-default\">\n\t\t\t\t\t<a href=\"https:\/\/www.isiyad.net\/category\/haber\/\" rel=\"category tag\">Haber<\/a>\t\t\t\t<\/div>\n\t\t\t\n\t\t\t\t\t<\/div>\n\n\t\t\t\t\t<h3 class=\"wd-post-title wd-entities-title title post-title\">\n\t\t\t\t<a href=\"https:\/\/www.isiyad.net\/cumhurbaskani-recep-tayyip-erdogan-giorgia-meloni-ve-abdelhamid-debibe-ile-gorustu\/\" rel=\"bookmark\">\n\t\t\t\t\tCumhurba\u015fkan\u0131 Recep Tayyip Erdo\u011fan, Giorgia Meloni ve\t\t\t\t<\/a>\n\t\t\t<\/h3>\n\t\t\n\t\t\t\t\t<div class=\"wd-post-excerpt\">\n\t\t\t\t\t\t\t\t\tCumhurba\u015fkan\u0131 Recep Tayyip Erdo\u011fan, \u0130talya Ba\u015fbakan\u0131 Giorgia Meloni ve Libya Ulusal Birlik H\u00fck\u00fbmeti Ba\u015fbakan\u0131 Abdulhamid Dibe...\t\t\t\t\t\t\t<\/div>\n\t\t\n\t\t\t\t\t\t\t\t\t\t<div class=\"wd-post-read-more wd-style-link read-more-section\">\n\t\t\t\t\t\t<a class=\"\" href=\"https:\/\/www.isiyad.net\/cumhurbaskani-recep-tayyip-erdogan-giorgia-meloni-ve-abdelhamid-debibe-ile-gorustu\/\">Continue reading<\/a>\t\t\t\t\t<\/div>\n\t\t\t\t\t\t\t<\/div>\n\n\t\t\t<\/div>\n\t<\/article>\n\t\t\t\t\t\t\t\t\t\t\t\n<article id=\"post-32726\" class=\"wd-post blog-design-meta-image blog-post-loop blog-style-bg wd-col post-32726 post type-post status-publish format-standard has-post-thumbnail hentry category-haber\">\n\t\t\t<div class=\"wd-post-inner\">\n\t\n\t<div class=\"wd-post-thumb color-scheme-light\">\n\t\t\t\t\t<div class=\"wd-post-img\">\n\t\t\t\t<img width=\"678\" height=\"381\" src=\"https:\/\/www.isiyad.net\/wp-content\/uploads\/2025\/08\/f757d932-c178-4732-8f6f-4dfc63ce494b-1-678x381-1.jpg\" class=\"attachment-large size-large\" alt=\"\u0130S\u0130YAD 5. Ola\u011fan Genel Kurul co\u015fkuyla tamamland\u0131\" decoding=\"async\" srcset=\"https:\/\/www.isiyad.net\/wp-content\/uploads\/2025\/08\/f757d932-c178-4732-8f6f-4dfc63ce494b-1-678x381-1.jpg 678w, https:\/\/www.isiyad.net\/wp-content\/uploads\/2025\/08\/f757d932-c178-4732-8f6f-4dfc63ce494b-1-678x381-1-150x84.jpg 150w, https:\/\/www.isiyad.net\/wp-content\/uploads\/2025\/08\/f757d932-c178-4732-8f6f-4dfc63ce494b-1-678x381-1-300x169.jpg 300w\" sizes=\"(max-width: 678px) 100vw, 678px\" \/>\t\t\t<\/div>\n\t\t\n\t\t\t\t<a class=\"wd-post-link wd-fill\" href=\"https:\/\/www.isiyad.net\/5-olagan-genel-kurulumuz-isiyad-kultur-ve-turizm-eski-bakanimiz-bulent-akarcali-ve-milletvekillerimizin-katilimiyla-hilton-beylikduzu-otelinde-gerceklestirildi\/\" rel=\"bookmark\" aria-label=\"Link on post \u0130S\u0130YAD&#8217;\u0131n 5. Ola\u011fan Genel Kurulu, K\u00fclt\u00fcr ve Turizm eski\"><\/a>\n\n\t\t\t\t\t<div class=\"wd-post-header\">\n\t\t\t\t\t\t\t\t<div class=\"wd-post-author wd-meta-author\">\n\t\t\t\t\t\t\t\n\t\t\t\t\t<img alt='author-avatar' src='https:\/\/secure.gravatar.com\/avatar\/31bd59d65f2d9f5390ae193d420275df27981ded3fc037b2504d8df2417ca825?s=22&#038;d=mm&#038;r=g' srcset='https:\/\/secure.gravatar.com\/avatar\/31bd59d65f2d9f5390ae193d420275df27981ded3fc037b2504d8df2417ca825?s=44&#038;d=mm&#038;r=g 2x' class='avatar avatar-22 photo' height='22' width='22' decoding='async'\/>\t\t\n\t\t\t\t\t<a href=\"https:\/\/www.isiyad.net\/author\/adminisi\/\" class=\"author\" rel=\"author\">adminisi<\/a>\n\t\t\t\t\t\t\t\t<\/div>\n\n\t\t\t\t<div class=\"wd-post-actions\">\n\t\t\t\t\t\t\t\t\t\t\t<div class=\"wd-post-share wd-tltp\">\n\t\t\t\t\t\t\t<div class=\"tooltip top\">\n\t\t\t\t\t\t\t\t<div class=\"tooltip-inner\">\n\t\t\t\t\t\t\t\t\t\t\t\t<div\n\t\t\t\t\t\tclass=\" wd-social-icons  wd-style-default wd-size-small social-share wd-shape-circle color-scheme-light text-center\">\n\t\t\t\t\n\t\t\t\t\n\t\t\t\t\t\t\t\t\t<a rel=\"noopener noreferrer nofollow\" href=\"https:\/\/www.facebook.com\/sharer\/sharer.php?u=https:\/\/www.isiyad.net\/5-olagan-genel-kurulumuz-isiyad-kultur-ve-turizm-eski-bakanimiz-bulent-akarcali-ve-milletvekillerimizin-katilimiyla-hilton-beylikduzu-otelinde-gerceklestirildi\/\" target=\"_blank\" class=\" wd-social-icon social-facebook\" aria-label=\"Facebook social link\">\n\t\t\t\t\t\t<span class=\"wd-icon\"><\/span>\n\t\t\t\t\t\t\t\t\t\t\t<\/a>\n\t\t\t\t\n\t\t\t\t\t\t\t\t\t<a rel=\"noopener noreferrer nofollow\" href=\"https:\/\/x.com\/share?url=https:\/\/www.isiyad.net\/5-olagan-genel-kurulumuz-isiyad-kultur-ve-turizm-eski-bakanimiz-bulent-akarcali-ve-milletvekillerimizin-katilimiyla-hilton-beylikduzu-otelinde-gerceklestirildi\/\" target=\"_blank\" class=\" wd-social-icon social-twitter\" aria-label=\"X social link\">\n\t\t\t\t\t\t<span class=\"wd-icon\"><\/span>\n\t\t\t\t\t\t\t\t\t\t\t<\/a>\n\t\t\t\t\n\t\t\t\t\n\t\t\t\t\n\t\t\t\t\n\t\t\t\t\n\t\t\t\t\n\t\t\t\t\t\t\t\t\t<a rel=\"noopener noreferrer nofollow\" href=\"https:\/\/pinterest.com\/pin\/create\/button\/?url=https:\/\/www.isiyad.net\/5-olagan-genel-kurulumuz-isiyad-kultur-ve-turizm-eski-bakanimiz-bulent-akarcali-ve-milletvekillerimizin-katilimiyla-hilton-beylikduzu-otelinde-gerceklestirildi\/&media=https:\/\/www.isiyad.net\/wp-content\/uploads\/2025\/08\/f757d932-c178-4732-8f6f-4dfc63ce494b-1-678x381-1.jpg&description=%C4%B0S%C4%B0YAD%26%238217%3B%C4%B1n+5.+Ola%C4%9Fan+Genel+Kurulu%2C+K%C3%BClt%C3%BCr+ve+Turizm+eski\" target=\"_blank\" class=\" wd-social-icon social-pinterest\" aria-label=\"Pinterest social link\">\n\t\t\t\t\t\t<span class=\"wd-icon\"><\/span>\n\t\t\t\t\t\t\t\t\t\t\t<\/a>\n\t\t\t\t\n\t\t\t\t\n\t\t\t\t\t\t\t\t\t<a rel=\"noopener noreferrer nofollow\" href=\"https:\/\/www.linkedin.com\/shareArticle?mini=true&url=https:\/\/www.isiyad.net\/5-olagan-genel-kurulumuz-isiyad-kultur-ve-turizm-eski-bakanimiz-bulent-akarcali-ve-milletvekillerimizin-katilimiyla-hilton-beylikduzu-otelinde-gerceklestirildi\/\" target=\"_blank\" class=\" wd-social-icon social-linkedin\" aria-label=\"Linkedin social link\">\n\t\t\t\t\t\t<span class=\"wd-icon\"><\/span>\n\t\t\t\t\t\t\t\t\t\t\t<\/a>\n\t\t\t\t\n\t\t\t\t\n\t\t\t\t\n\t\t\t\t\n\t\t\t\t\n\t\t\t\t\n\t\t\t\t\n\t\t\t\t\n\t\t\t\t\n\t\t\t\t\n\t\t\t\t\n\t\t\t\t\n\t\t\t\t\n\t\t\t\t\n\t\t\t\t\n\t\t\t\t\t\t\t\t\t<a rel=\"noopener noreferrer nofollow\" href=\"https:\/\/telegram.me\/share\/url?url=https:\/\/www.isiyad.net\/5-olagan-genel-kurulumuz-isiyad-kultur-ve-turizm-eski-bakanimiz-bulent-akarcali-ve-milletvekillerimizin-katilimiyla-hilton-beylikduzu-otelinde-gerceklestirildi\/\" target=\"_blank\" class=\" wd-social-icon social-tg\" aria-label=\"Telegram social link\">\n\t\t\t\t\t\t<span class=\"wd-icon\"><\/span>\n\t\t\t\t\t\t\t\t\t\t\t<\/a>\n\t\t\t\t\n\t\t\t\t\n\t\t\t<\/div>\n\n\t\t\t\t\t\t\t\t\t\t<\/div>\n\t\t\t\t\t\t\t\t<div class=\"tooltip-arrow\"><\/div>\n\t\t\t\t\t\t\t<\/div>\n\t\t\t\t\t\t<\/div>\n\t\t\t\t\t\n\t\t\t\t\t\t\t\t\t\t\t\t\t\t\t\t\t<div class=\"wd-post-reply wd-meta-reply wd-style-1\">\n\t\t\t\t\t\t\t<a href=\"https:\/\/www.isiyad.net\/5-olagan-genel-kurulumuz-isiyad-kultur-ve-turizm-eski-bakanimiz-bulent-akarcali-ve-milletvekillerimizin-katilimiyla-hilton-beylikduzu-otelinde-gerceklestirildi\/#respond\"><span class=\"wd-replies-count\">0<\/span><\/a>\t\t\t\t\t\t<\/div>\n\t\t\t\t\t\t\t\t\t<\/div>\n\t\t\t<\/div>\n\t\t\t<\/div>\n\n\t<div class=\"wd-post-content\">\n\t\t<div class=\"wd-post-meta wd-post-entry-meta\">\n\t\t\t\n\t\t\t\t\t\t\t<div class=\"wd-post-cat wd-style-default\">\n\t\t\t\t\t<a href=\"https:\/\/www.isiyad.net\/category\/haber\/\" rel=\"category tag\">Haber<\/a>\t\t\t\t<\/div>\n\t\t\t\n\t\t\t\t\t<\/div>\n\n\t\t\t\t\t<h3 class=\"wd-post-title wd-entities-title title post-title\">\n\t\t\t\t<a href=\"https:\/\/www.isiyad.net\/5-olagan-genel-kurulumuz-isiyad-kultur-ve-turizm-eski-bakanimiz-bulent-akarcali-ve-milletvekillerimizin-katilimiyla-hilton-beylikduzu-otelinde-gerceklestirildi\/\" rel=\"bookmark\">\n\t\t\t\t\t\u0130S\u0130YAD&#8217;\u0131n 5. Ola\u011fan Genel Kurulu, K\u00fclt\u00fcr ve Turizm eski\t\t\t\t<\/a>\n\t\t\t<\/h3>\n\t\t\n\t\t\t\t\t<div class=\"wd-post-excerpt\">\n\t\t\t\t\t\t\t\t\t19 07-2025 Tarihinde Beylikd\u00fcz\u00fc H\u0130LTON otelinde d\u00fczenlemi\u015f oldu\u011fumuz (\u0130S\u0130YAD), 5. Ola\u011fan Genel Kurulumuz a Esi K\u00fclt\u00fcr veTuriz...\t\t\t\t\t\t\t<\/div>\n\t\t\n\t\t\t\t\t\t\t\t\t\t<div class=\"wd-post-read-more wd-style-link read-more-section\">\n\t\t\t\t\t\t<a class=\"\" href=\"https:\/\/www.isiyad.net\/5-olagan-genel-kurulumuz-isiyad-kultur-ve-turizm-eski-bakanimiz-bulent-akarcali-ve-milletvekillerimizin-katilimiyla-hilton-beylikduzu-otelinde-gerceklestirildi\/\">Continue reading<\/a>\t\t\t\t\t<\/div>\n\t\t\t\t\t\t\t<\/div>\n\n\t\t\t<\/div>\n\t<\/article>\n\t\t\t\t\t\t\t\t\t\t\t\n<article id=\"post-32727\" class=\"wd-post blog-design-meta-image blog-post-loop blog-style-bg wd-col post-32727 post type-post status-publish format-standard has-post-thumbnail hentry category-haber\">\n\t\t\t<div class=\"wd-post-inner\">\n\t\n\t<div class=\"wd-post-thumb color-scheme-light\">\n\t\t\t\t\t<div class=\"wd-post-img\">\n\t\t\t\t<img width=\"678\" height=\"381\" src=\"https:\/\/www.isiyad.net\/wp-content\/uploads\/2025\/08\/AGUSTOS-2024_omerric1-678x381-1.jpg\" class=\"attachment-large size-large\" alt=\"AGUSTOS-2024_omerric1-678x381\" decoding=\"async\" srcset=\"https:\/\/www.isiyad.net\/wp-content\/uploads\/2025\/08\/AGUSTOS-2024_omerric1-678x381-1.jpg 678w, https:\/\/www.isiyad.net\/wp-content\/uploads\/2025\/08\/AGUSTOS-2024_omerric1-678x381-1-150x84.jpg 150w, https:\/\/www.isiyad.net\/wp-content\/uploads\/2025\/08\/AGUSTOS-2024_omerric1-678x381-1-300x169.jpg 300w\" sizes=\"(max-width: 678px) 100vw, 678px\" \/>\t\t\t<\/div>\n\t\t\n\t\t\t\t<a class=\"wd-post-link wd-fill\" href=\"https:\/\/www.isiyad.net\/ticaret-bakani-omer-bolat-tarihimizin-en-yuksek-temmuz\/\" rel=\"bookmark\" aria-label=\"Link on post Ticaret Bakan\u0131 \u00d6mer Bolat: Tarihimizin en y\u00fcksek temmuz\"><\/a>\n\n\t\t\t\t\t<div class=\"wd-post-header\">\n\t\t\t\t\t\t\t\t<div class=\"wd-post-author wd-meta-author\">\n\t\t\t\t\t\t\t\n\t\t\t\t\t<img alt='author-avatar' src='https:\/\/secure.gravatar.com\/avatar\/31bd59d65f2d9f5390ae193d420275df27981ded3fc037b2504d8df2417ca825?s=22&#038;d=mm&#038;r=g' srcset='https:\/\/secure.gravatar.com\/avatar\/31bd59d65f2d9f5390ae193d420275df27981ded3fc037b2504d8df2417ca825?s=44&#038;d=mm&#038;r=g 2x' class='avatar avatar-22 photo' height='22' width='22' decoding='async'\/>\t\t\n\t\t\t\t\t<a href=\"https:\/\/www.isiyad.net\/author\/adminisi\/\" class=\"author\" rel=\"author\">adminisi<\/a>\n\t\t\t\t\t\t\t\t<\/div>\n\n\t\t\t\t<div class=\"wd-post-actions\">\n\t\t\t\t\t\t\t\t\t\t\t<div class=\"wd-post-share wd-tltp\">\n\t\t\t\t\t\t\t<div class=\"tooltip top\">\n\t\t\t\t\t\t\t\t<div class=\"tooltip-inner\">\n\t\t\t\t\t\t\t\t\t\t\t\t<div\n\t\t\t\t\t\tclass=\" wd-social-icons  wd-style-default wd-size-small social-share wd-shape-circle color-scheme-light text-center\">\n\t\t\t\t\n\t\t\t\t\n\t\t\t\t\t\t\t\t\t<a rel=\"noopener noreferrer nofollow\" href=\"https:\/\/www.facebook.com\/sharer\/sharer.php?u=https:\/\/www.isiyad.net\/ticaret-bakani-omer-bolat-tarihimizin-en-yuksek-temmuz\/\" target=\"_blank\" class=\" wd-social-icon social-facebook\" aria-label=\"Facebook social link\">\n\t\t\t\t\t\t<span class=\"wd-icon\"><\/span>\n\t\t\t\t\t\t\t\t\t\t\t<\/a>\n\t\t\t\t\n\t\t\t\t\t\t\t\t\t<a rel=\"noopener noreferrer nofollow\" href=\"https:\/\/x.com\/share?url=https:\/\/www.isiyad.net\/ticaret-bakani-omer-bolat-tarihimizin-en-yuksek-temmuz\/\" target=\"_blank\" class=\" wd-social-icon social-twitter\" aria-label=\"X social link\">\n\t\t\t\t\t\t<span class=\"wd-icon\"><\/span>\n\t\t\t\t\t\t\t\t\t\t\t<\/a>\n\t\t\t\t\n\t\t\t\t\n\t\t\t\t\n\t\t\t\t\n\t\t\t\t\n\t\t\t\t\n\t\t\t\t\t\t\t\t\t<a rel=\"noopener noreferrer nofollow\" href=\"https:\/\/pinterest.com\/pin\/create\/button\/?url=https:\/\/www.isiyad.net\/ticaret-bakani-omer-bolat-tarihimizin-en-yuksek-temmuz\/&media=https:\/\/www.isiyad.net\/wp-content\/uploads\/2025\/08\/AGUSTOS-2024_omerric1-678x381-1.jpg&description=Ticaret+Bakan%C4%B1+%C3%96mer+Bolat%3A+Tarihimizin+en+y%C3%BCksek+temmuz\" target=\"_blank\" class=\" wd-social-icon social-pinterest\" aria-label=\"Pinterest social link\">\n\t\t\t\t\t\t<span class=\"wd-icon\"><\/span>\n\t\t\t\t\t\t\t\t\t\t\t<\/a>\n\t\t\t\t\n\t\t\t\t\n\t\t\t\t\t\t\t\t\t<a rel=\"noopener noreferrer nofollow\" href=\"https:\/\/www.linkedin.com\/shareArticle?mini=true&url=https:\/\/www.isiyad.net\/ticaret-bakani-omer-bolat-tarihimizin-en-yuksek-temmuz\/\" target=\"_blank\" class=\" wd-social-icon social-linkedin\" aria-label=\"Linkedin social link\">\n\t\t\t\t\t\t<span class=\"wd-icon\"><\/span>\n\t\t\t\t\t\t\t\t\t\t\t<\/a>\n\t\t\t\t\n\t\t\t\t\n\t\t\t\t\n\t\t\t\t\n\t\t\t\t\n\t\t\t\t\n\t\t\t\t\n\t\t\t\t\n\t\t\t\t\n\t\t\t\t\n\t\t\t\t\n\t\t\t\t\n\t\t\t\t\n\t\t\t\t\n\t\t\t\t\n\t\t\t\t\t\t\t\t\t<a rel=\"noopener noreferrer nofollow\" href=\"https:\/\/telegram.me\/share\/url?url=https:\/\/www.isiyad.net\/ticaret-bakani-omer-bolat-tarihimizin-en-yuksek-temmuz\/\" target=\"_blank\" class=\" wd-social-icon social-tg\" aria-label=\"Telegram social link\">\n\t\t\t\t\t\t<span class=\"wd-icon\"><\/span>\n\t\t\t\t\t\t\t\t\t\t\t<\/a>\n\t\t\t\t\n\t\t\t\t\n\t\t\t<\/div>\n\n\t\t\t\t\t\t\t\t\t\t<\/div>\n\t\t\t\t\t\t\t\t<div class=\"tooltip-arrow\"><\/div>\n\t\t\t\t\t\t\t<\/div>\n\t\t\t\t\t\t<\/div>\n\t\t\t\t\t\n\t\t\t\t\t\t\t\t\t\t\t\t\t\t\t\t\t<div class=\"wd-post-reply wd-meta-reply wd-style-1\">\n\t\t\t\t\t\t\t<a href=\"https:\/\/www.isiyad.net\/ticaret-bakani-omer-bolat-tarihimizin-en-yuksek-temmuz\/#respond\"><span class=\"wd-replies-count\">0<\/span><\/a>\t\t\t\t\t\t<\/div>\n\t\t\t\t\t\t\t\t\t<\/div>\n\t\t\t<\/div>\n\t\t\t<\/div>\n\n\t<div class=\"wd-post-content\">\n\t\t<div class=\"wd-post-meta wd-post-entry-meta\">\n\t\t\t\n\t\t\t\t\t\t\t<div class=\"wd-post-cat wd-style-default\">\n\t\t\t\t\t<a href=\"https:\/\/www.isiyad.net\/category\/haber\/\" rel=\"category tag\">Haber<\/a>\t\t\t\t<\/div>\n\t\t\t\n\t\t\t\t\t<\/div>\n\n\t\t\t\t\t<h3 class=\"wd-post-title wd-entities-title title post-title\">\n\t\t\t\t<a href=\"https:\/\/www.isiyad.net\/ticaret-bakani-omer-bolat-tarihimizin-en-yuksek-temmuz\/\" rel=\"bookmark\">\n\t\t\t\t\tTicaret Bakan\u0131 \u00d6mer Bolat: Tarihimizin en y\u00fcksek temmuz\t\t\t\t<\/a>\n\t\t\t<\/h3>\n\t\t\n\t\t\t\t\t<div class=\"wd-post-excerpt\">\n\t\t\t\t\t\t\t\t\tBakan Bolat \u201cTarihimizin en y\u00fcksek ayl\u0131k mal ihracat rekorunu temmuzda k\u0131rd\u0131k. Dolay\u0131s\u0131yla tarihimizin en y\u00fcksek temmuz ay\u0131 i...\t\t\t\t\t\t\t<\/div>\n\t\t\n\t\t\t\t\t\t\t\t\t\t<div class=\"wd-post-read-more wd-style-link read-more-section\">\n\t\t\t\t\t\t<a class=\"\" href=\"https:\/\/www.isiyad.net\/ticaret-bakani-omer-bolat-tarihimizin-en-yuksek-temmuz\/\">Continue reading<\/a>\t\t\t\t\t<\/div>\n\t\t\t\t\t\t\t<\/div>\n\n\t\t\t<\/div>\n\t<\/article>\n\t\t\t\t\t\n\t\t\t\t\t","status":"no-more-posts","nextPage":"?woo_ajax=1","currentPage":"https:\/\/www.isiyad.net\/author\/adminisi\/page\/4"}