
			
				

					
				

			
		{"items":"\n\t\t\t\t\t\t\t\t\t\t\t\n<article id=\"post-34584\" class=\"wd-post blog-design-meta-image blog-post-loop blog-style-bg wd-col post-34584 post type-post status-publish format-standard has-post-thumbnail hentry category-haber\">\n\t\t\t<div class=\"wd-post-inner\">\n\t\n\t<div class=\"wd-post-thumb color-scheme-light\">\n\t\t\t\t\t<div class=\"wd-post-img\">\n\t\t\t\t<img width=\"678\" height=\"381\" src=\"https:\/\/www.isiyad.net\/wp-content\/uploads\/2025\/11\/Avrupa-Ekonomik-Senatosu-EES-16.-Bogazici-Zirvede-5-1024x589-1-678x381-1.jpg\" class=\"attachment-large size-large\" alt=\"\" decoding=\"async\" fetchpriority=\"high\" srcset=\"https:\/\/www.isiyad.net\/wp-content\/uploads\/2025\/11\/Avrupa-Ekonomik-Senatosu-EES-16.-Bogazici-Zirvede-5-1024x589-1-678x381-1.jpg 678w, https:\/\/www.isiyad.net\/wp-content\/uploads\/2025\/11\/Avrupa-Ekonomik-Senatosu-EES-16.-Bogazici-Zirvede-5-1024x589-1-678x381-1-300x169.jpg 300w, https:\/\/www.isiyad.net\/wp-content\/uploads\/2025\/11\/Avrupa-Ekonomik-Senatosu-EES-16.-Bogazici-Zirvede-5-1024x589-1-678x381-1-150x84.jpg 150w\" sizes=\"(max-width: 678px) 100vw, 678px\" \/>\t\t\t<\/div>\n\t\t\n\t\t\t\t<a class=\"wd-post-link wd-fill\" href=\"https:\/\/www.isiyad.net\/avrupa-ekonomi-senatosundan-turkiyeye-guclu-mesaj-yeni-dunyanin-denge-ulkesi-turkiye\/\" rel=\"bookmark\" aria-label=\"Link on post Avrupa Ekonomi Senatosu\u2019ndan T\u00fcrkiye\u2019ye G\u00fc\u00e7l\u00fc Mesaj; \u201cYeni&#8230;\"><\/a>\n\n\t\t\t\t\t<div class=\"wd-post-header\">\n\t\t\t\t\t\t\t<link rel=\"stylesheet\" id=\"wd-blog-mod-author-css\" href=\"https:\/\/www.isiyad.net\/wp-content\/themes\/woodmart\/css\/parts\/blog-mod-author.min.css?ver=8.2.7\" type=\"text\/css\" media=\"all\" \/> \t\t\t\t\t\t\t<div class=\"wd-post-author wd-meta-author\">\n\t\t\t\t\t\t\t\n\t\t\t\t\t<img alt='author-avatar' src='https:\/\/secure.gravatar.com\/avatar\/31bd59d65f2d9f5390ae193d420275df27981ded3fc037b2504d8df2417ca825?s=22&#038;d=mm&#038;r=g' srcset='https:\/\/secure.gravatar.com\/avatar\/31bd59d65f2d9f5390ae193d420275df27981ded3fc037b2504d8df2417ca825?s=44&#038;d=mm&#038;r=g 2x' class='avatar avatar-22 photo' height='22' width='22' decoding='async'\/>\t\t\n\t\t\t\t\t<a href=\"https:\/\/www.isiyad.net\/author\/adminisi\/\" class=\"author\" rel=\"author\">adminisi<\/a>\n\t\t\t\t\t\t\t\t<\/div>\n\n\t\t\t\t<div class=\"wd-post-actions\">\n\t\t\t\t\t\t\t\t\t\t\t<div class=\"wd-post-share wd-tltp\">\n\t\t\t\t\t\t\t<div class=\"tooltip top\">\n\t\t\t\t\t\t\t\t<div class=\"tooltip-inner\">\n\t\t\t\t\t\t\t\t\t\t\t\t<link rel=\"stylesheet\" id=\"wd-social-icons-css\" href=\"https:\/\/www.isiyad.net\/wp-content\/themes\/woodmart\/css\/parts\/el-social-icons.min.css?ver=8.2.7\" type=\"text\/css\" media=\"all\" \/> \t\t\t\t\t\t<div\n\t\t\t\t\t\tclass=\" wd-social-icons  wd-style-default wd-size-small social-share wd-shape-circle color-scheme-light text-center\">\n\t\t\t\t\n\t\t\t\t\n\t\t\t\t\t\t\t\t\t<a rel=\"noopener noreferrer nofollow\" href=\"https:\/\/www.facebook.com\/sharer\/sharer.php?u=https:\/\/www.isiyad.net\/avrupa-ekonomi-senatosundan-turkiyeye-guclu-mesaj-yeni-dunyanin-denge-ulkesi-turkiye\/\" target=\"_blank\" class=\" wd-social-icon social-facebook\" aria-label=\"Facebook social link\">\n\t\t\t\t\t\t<span class=\"wd-icon\"><\/span>\n\t\t\t\t\t\t\t\t\t\t\t<\/a>\n\t\t\t\t\n\t\t\t\t\t\t\t\t\t<a rel=\"noopener noreferrer nofollow\" href=\"https:\/\/x.com\/share?url=https:\/\/www.isiyad.net\/avrupa-ekonomi-senatosundan-turkiyeye-guclu-mesaj-yeni-dunyanin-denge-ulkesi-turkiye\/\" target=\"_blank\" class=\" wd-social-icon social-twitter\" aria-label=\"X social link\">\n\t\t\t\t\t\t<span class=\"wd-icon\"><\/span>\n\t\t\t\t\t\t\t\t\t\t\t<\/a>\n\t\t\t\t\n\t\t\t\t\n\t\t\t\t\n\t\t\t\t\n\t\t\t\t\n\t\t\t\t\n\t\t\t\t\t\t\t\t\t<a rel=\"noopener noreferrer nofollow\" href=\"https:\/\/pinterest.com\/pin\/create\/button\/?url=https:\/\/www.isiyad.net\/avrupa-ekonomi-senatosundan-turkiyeye-guclu-mesaj-yeni-dunyanin-denge-ulkesi-turkiye\/&media=https:\/\/www.isiyad.net\/wp-content\/uploads\/2025\/11\/Avrupa-Ekonomik-Senatosu-EES-16.-Bogazici-Zirvede-5-1024x589-1-678x381-1.jpg&description=Avrupa+Ekonomi+Senatosu%E2%80%99ndan+T%C3%BCrkiye%E2%80%99ye+G%C3%BC%C3%A7l%C3%BC+Mesaj%3B+%E2%80%9CYeni%26%238230%3B\" target=\"_blank\" class=\" wd-social-icon social-pinterest\" aria-label=\"Pinterest social link\">\n\t\t\t\t\t\t<span class=\"wd-icon\"><\/span>\n\t\t\t\t\t\t\t\t\t\t\t<\/a>\n\t\t\t\t\n\t\t\t\t\n\t\t\t\t\t\t\t\t\t<a rel=\"noopener noreferrer nofollow\" href=\"https:\/\/www.linkedin.com\/shareArticle?mini=true&url=https:\/\/www.isiyad.net\/avrupa-ekonomi-senatosundan-turkiyeye-guclu-mesaj-yeni-dunyanin-denge-ulkesi-turkiye\/\" target=\"_blank\" class=\" wd-social-icon social-linkedin\" aria-label=\"Linkedin social link\">\n\t\t\t\t\t\t<span class=\"wd-icon\"><\/span>\n\t\t\t\t\t\t\t\t\t\t\t<\/a>\n\t\t\t\t\n\t\t\t\t\n\t\t\t\t\n\t\t\t\t\n\t\t\t\t\n\t\t\t\t\n\t\t\t\t\n\t\t\t\t\n\t\t\t\t\n\t\t\t\t\n\t\t\t\t\n\t\t\t\t\n\t\t\t\t\n\t\t\t\t\n\t\t\t\t\n\t\t\t\t\t\t\t\t\t<a rel=\"noopener noreferrer nofollow\" href=\"https:\/\/telegram.me\/share\/url?url=https:\/\/www.isiyad.net\/avrupa-ekonomi-senatosundan-turkiyeye-guclu-mesaj-yeni-dunyanin-denge-ulkesi-turkiye\/\" target=\"_blank\" class=\" wd-social-icon social-tg\" aria-label=\"Telegram social link\">\n\t\t\t\t\t\t<span class=\"wd-icon\"><\/span>\n\t\t\t\t\t\t\t\t\t\t\t<\/a>\n\t\t\t\t\n\t\t\t\t\n\t\t\t<\/div>\n\n\t\t\t\t\t\t\t\t\t\t<\/div>\n\t\t\t\t\t\t\t\t<div class=\"tooltip-arrow\"><\/div>\n\t\t\t\t\t\t\t<\/div>\n\t\t\t\t\t\t<\/div>\n\t\t\t\t\t\n\t\t\t\t\t\t\t\t\t\t\t\t\t\t<link rel=\"stylesheet\" id=\"wd-blog-mod-comments-button-css\" href=\"https:\/\/www.isiyad.net\/wp-content\/themes\/woodmart\/css\/parts\/blog-mod-comments-button.min.css?ver=8.2.7\" type=\"text\/css\" media=\"all\" \/> \t\t\t\t\t\t\t\t\t<div class=\"wd-post-reply wd-meta-reply wd-style-1\">\n\t\t\t\t\t\t\t<a href=\"https:\/\/www.isiyad.net\/avrupa-ekonomi-senatosundan-turkiyeye-guclu-mesaj-yeni-dunyanin-denge-ulkesi-turkiye\/#respond\"><span class=\"wd-replies-count\">0<\/span><\/a>\t\t\t\t\t\t<\/div>\n\t\t\t\t\t\t\t\t\t<\/div>\n\t\t\t<\/div>\n\t\t\t<\/div>\n\n\t<div class=\"wd-post-content\">\n\t\t<div class=\"wd-post-meta wd-post-entry-meta\">\n\t\t\t\n\t\t\t\t\t\t\t<div class=\"wd-post-cat wd-style-default\">\n\t\t\t\t\t<a href=\"https:\/\/www.isiyad.net\/category\/haber\/\" rel=\"category tag\">Haber<\/a>\t\t\t\t<\/div>\n\t\t\t\n\t\t\t\t\t<\/div>\n\n\t\t\t\t\t<h3 class=\"wd-post-title wd-entities-title title post-title\">\n\t\t\t\t<a href=\"https:\/\/www.isiyad.net\/avrupa-ekonomi-senatosundan-turkiyeye-guclu-mesaj-yeni-dunyanin-denge-ulkesi-turkiye\/\" rel=\"bookmark\">\n\t\t\t\t\tAvrupa Ekonomi Senatosu\u2019ndan T\u00fcrkiye\u2019ye G\u00fc\u00e7l\u00fc Mesaj; \u201cYeni&#8230;\t\t\t\t<\/a>\n\t\t\t<\/h3>\n\t\t\n\t\t\t\t\t<div class=\"wd-post-excerpt\">\n\t\t\t\t\t\t\t\t\tAvrupa Ekonomi Senatosu\u2019ndan T\u00fcrkiye\u2019ye G\u00fc\u00e7l\u00fc Mesaj; \u201cYeni D\u00fcnyan\u0131n Denge \u00dclkesi T\u00fcrkiye\u201d\r\n\u201cK\u00fcresel Zorluklar: Yeni Ger\u00e7ekler...\t\t\t\t\t\t\t<\/div>\n\t\t\n\t\t\t\t\t\t\t\t\t\t<div class=\"wd-post-read-more wd-style-link read-more-section\">\n\t\t\t\t\t\t<a class=\"\" href=\"https:\/\/www.isiyad.net\/avrupa-ekonomi-senatosundan-turkiyeye-guclu-mesaj-yeni-dunyanin-denge-ulkesi-turkiye\/\">Continue reading<\/a>\t\t\t\t\t<\/div>\n\t\t\t\t\t\t\t<\/div>\n\n\t\t\t<\/div>\n\t<\/article>\n\t\t\t\t\t\t\t\t\t\t\t\n<article id=\"post-34586\" class=\"wd-post blog-design-meta-image blog-post-loop blog-style-bg wd-col post-34586 post type-post status-publish format-standard has-post-thumbnail hentry category-haber\">\n\t\t\t<div class=\"wd-post-inner\">\n\t\n\t<div class=\"wd-post-thumb color-scheme-light\">\n\t\t\t\t\t<div class=\"wd-post-img\">\n\t\t\t\t<img width=\"678\" height=\"381\" src=\"https:\/\/www.isiyad.net\/wp-content\/uploads\/2025\/11\/da7e3f2a-5eab-4b89-877e-f2f6854c954c-678x381-1.jpg\" class=\"attachment-large size-large\" alt=\"\" decoding=\"async\" srcset=\"https:\/\/www.isiyad.net\/wp-content\/uploads\/2025\/11\/da7e3f2a-5eab-4b89-877e-f2f6854c954c-678x381-1.jpg 678w, https:\/\/www.isiyad.net\/wp-content\/uploads\/2025\/11\/da7e3f2a-5eab-4b89-877e-f2f6854c954c-678x381-1-300x169.jpg 300w, https:\/\/www.isiyad.net\/wp-content\/uploads\/2025\/11\/da7e3f2a-5eab-4b89-877e-f2f6854c954c-678x381-1-150x84.jpg 150w\" sizes=\"(max-width: 678px) 100vw, 678px\" \/>\t\t\t<\/div>\n\t\t\n\t\t\t\t<a class=\"wd-post-link wd-fill\" href=\"https:\/\/www.isiyad.net\/is-dunyasi-platformu-tarafindan-duzenlenen-dubai-emlak-insaat-ve-ulastirma-konulu-toplantiyi-isiyad-olarak-katilim-sagladik\/\" rel=\"bookmark\" aria-label=\"Link on post \u0130\u015f D\u00fcnyas\u0131 Platformu taraf\u0131ndan d\u00fczenlenen &#8230;\"><\/a>\n\n\t\t\t\t\t<div class=\"wd-post-header\">\n\t\t\t\t\t\t\t\t<div class=\"wd-post-author wd-meta-author\">\n\t\t\t\t\t\t\t\n\t\t\t\t\t<img alt='author-avatar' src='https:\/\/secure.gravatar.com\/avatar\/31bd59d65f2d9f5390ae193d420275df27981ded3fc037b2504d8df2417ca825?s=22&#038;d=mm&#038;r=g' srcset='https:\/\/secure.gravatar.com\/avatar\/31bd59d65f2d9f5390ae193d420275df27981ded3fc037b2504d8df2417ca825?s=44&#038;d=mm&#038;r=g 2x' class='avatar avatar-22 photo' height='22' width='22' decoding='async'\/>\t\t\n\t\t\t\t\t<a href=\"https:\/\/www.isiyad.net\/author\/adminisi\/\" class=\"author\" rel=\"author\">adminisi<\/a>\n\t\t\t\t\t\t\t\t<\/div>\n\n\t\t\t\t<div class=\"wd-post-actions\">\n\t\t\t\t\t\t\t\t\t\t\t<div class=\"wd-post-share wd-tltp\">\n\t\t\t\t\t\t\t<div class=\"tooltip top\">\n\t\t\t\t\t\t\t\t<div class=\"tooltip-inner\">\n\t\t\t\t\t\t\t\t\t\t\t\t<div\n\t\t\t\t\t\tclass=\" wd-social-icons  wd-style-default wd-size-small social-share wd-shape-circle color-scheme-light text-center\">\n\t\t\t\t\n\t\t\t\t\n\t\t\t\t\t\t\t\t\t<a rel=\"noopener noreferrer nofollow\" href=\"https:\/\/www.facebook.com\/sharer\/sharer.php?u=https:\/\/www.isiyad.net\/is-dunyasi-platformu-tarafindan-duzenlenen-dubai-emlak-insaat-ve-ulastirma-konulu-toplantiyi-isiyad-olarak-katilim-sagladik\/\" target=\"_blank\" class=\" wd-social-icon social-facebook\" aria-label=\"Facebook social link\">\n\t\t\t\t\t\t<span class=\"wd-icon\"><\/span>\n\t\t\t\t\t\t\t\t\t\t\t<\/a>\n\t\t\t\t\n\t\t\t\t\t\t\t\t\t<a rel=\"noopener noreferrer nofollow\" href=\"https:\/\/x.com\/share?url=https:\/\/www.isiyad.net\/is-dunyasi-platformu-tarafindan-duzenlenen-dubai-emlak-insaat-ve-ulastirma-konulu-toplantiyi-isiyad-olarak-katilim-sagladik\/\" target=\"_blank\" class=\" wd-social-icon social-twitter\" aria-label=\"X social link\">\n\t\t\t\t\t\t<span class=\"wd-icon\"><\/span>\n\t\t\t\t\t\t\t\t\t\t\t<\/a>\n\t\t\t\t\n\t\t\t\t\n\t\t\t\t\n\t\t\t\t\n\t\t\t\t\n\t\t\t\t\n\t\t\t\t\t\t\t\t\t<a rel=\"noopener noreferrer nofollow\" href=\"https:\/\/pinterest.com\/pin\/create\/button\/?url=https:\/\/www.isiyad.net\/is-dunyasi-platformu-tarafindan-duzenlenen-dubai-emlak-insaat-ve-ulastirma-konulu-toplantiyi-isiyad-olarak-katilim-sagladik\/&media=https:\/\/www.isiyad.net\/wp-content\/uploads\/2025\/11\/da7e3f2a-5eab-4b89-877e-f2f6854c954c-678x381-1.jpg&description=%C4%B0%C5%9F+D%C3%BCnyas%C4%B1+Platformu+taraf%C4%B1ndan+d%C3%BCzenlenen+%26%238230%3B\" target=\"_blank\" class=\" wd-social-icon social-pinterest\" aria-label=\"Pinterest social link\">\n\t\t\t\t\t\t<span class=\"wd-icon\"><\/span>\n\t\t\t\t\t\t\t\t\t\t\t<\/a>\n\t\t\t\t\n\t\t\t\t\n\t\t\t\t\t\t\t\t\t<a rel=\"noopener noreferrer nofollow\" href=\"https:\/\/www.linkedin.com\/shareArticle?mini=true&url=https:\/\/www.isiyad.net\/is-dunyasi-platformu-tarafindan-duzenlenen-dubai-emlak-insaat-ve-ulastirma-konulu-toplantiyi-isiyad-olarak-katilim-sagladik\/\" target=\"_blank\" class=\" wd-social-icon social-linkedin\" aria-label=\"Linkedin social link\">\n\t\t\t\t\t\t<span class=\"wd-icon\"><\/span>\n\t\t\t\t\t\t\t\t\t\t\t<\/a>\n\t\t\t\t\n\t\t\t\t\n\t\t\t\t\n\t\t\t\t\n\t\t\t\t\n\t\t\t\t\n\t\t\t\t\n\t\t\t\t\n\t\t\t\t\n\t\t\t\t\n\t\t\t\t\n\t\t\t\t\n\t\t\t\t\n\t\t\t\t\n\t\t\t\t\n\t\t\t\t\t\t\t\t\t<a rel=\"noopener noreferrer nofollow\" href=\"https:\/\/telegram.me\/share\/url?url=https:\/\/www.isiyad.net\/is-dunyasi-platformu-tarafindan-duzenlenen-dubai-emlak-insaat-ve-ulastirma-konulu-toplantiyi-isiyad-olarak-katilim-sagladik\/\" target=\"_blank\" class=\" wd-social-icon social-tg\" aria-label=\"Telegram social link\">\n\t\t\t\t\t\t<span class=\"wd-icon\"><\/span>\n\t\t\t\t\t\t\t\t\t\t\t<\/a>\n\t\t\t\t\n\t\t\t\t\n\t\t\t<\/div>\n\n\t\t\t\t\t\t\t\t\t\t<\/div>\n\t\t\t\t\t\t\t\t<div class=\"tooltip-arrow\"><\/div>\n\t\t\t\t\t\t\t<\/div>\n\t\t\t\t\t\t<\/div>\n\t\t\t\t\t\n\t\t\t\t\t\t\t\t\t\t\t\t\t\t\t\t\t<div class=\"wd-post-reply wd-meta-reply wd-style-1\">\n\t\t\t\t\t\t\t<a href=\"https:\/\/www.isiyad.net\/is-dunyasi-platformu-tarafindan-duzenlenen-dubai-emlak-insaat-ve-ulastirma-konulu-toplantiyi-isiyad-olarak-katilim-sagladik\/#respond\"><span class=\"wd-replies-count\">0<\/span><\/a>\t\t\t\t\t\t<\/div>\n\t\t\t\t\t\t\t\t\t<\/div>\n\t\t\t<\/div>\n\t\t\t<\/div>\n\n\t<div class=\"wd-post-content\">\n\t\t<div class=\"wd-post-meta wd-post-entry-meta\">\n\t\t\t\n\t\t\t\t\t\t\t<div class=\"wd-post-cat wd-style-default\">\n\t\t\t\t\t<a href=\"https:\/\/www.isiyad.net\/category\/haber\/\" rel=\"category tag\">Haber<\/a>\t\t\t\t<\/div>\n\t\t\t\n\t\t\t\t\t<\/div>\n\n\t\t\t\t\t<h3 class=\"wd-post-title wd-entities-title title post-title\">\n\t\t\t\t<a href=\"https:\/\/www.isiyad.net\/is-dunyasi-platformu-tarafindan-duzenlenen-dubai-emlak-insaat-ve-ulastirma-konulu-toplantiyi-isiyad-olarak-katilim-sagladik\/\" rel=\"bookmark\">\n\t\t\t\t\t\u0130\u015f D\u00fcnyas\u0131 Platformu taraf\u0131ndan d\u00fczenlenen &#8230;\t\t\t\t<\/a>\n\t\t\t<\/h3>\n\t\t\n\t\t\t\t\t<div class=\"wd-post-excerpt\">\n\t\t\t\t\t\t\t\t\tZeytinburnu Movenpick Otel\u2019dei Bu verimli organizasyona \u00f6nc\u00fcl\u00fck eden ba\u015fta \u0130\u015f D\u00fcnyas\u0131 Platformu Genel Ba\u015fkan\u0131 ve \u0130S\u0130YAD Genel...\t\t\t\t\t\t\t<\/div>\n\t\t\n\t\t\t\t\t\t\t\t\t\t<div class=\"wd-post-read-more wd-style-link read-more-section\">\n\t\t\t\t\t\t<a class=\"\" href=\"https:\/\/www.isiyad.net\/is-dunyasi-platformu-tarafindan-duzenlenen-dubai-emlak-insaat-ve-ulastirma-konulu-toplantiyi-isiyad-olarak-katilim-sagladik\/\">Continue reading<\/a>\t\t\t\t\t<\/div>\n\t\t\t\t\t\t\t<\/div>\n\n\t\t\t<\/div>\n\t<\/article>\n\t\t\t\t\t\t\t\t\t\t\t\n<article id=\"post-34585\" class=\"wd-post blog-design-meta-image blog-post-loop blog-style-bg wd-col post-34585 post type-post status-publish format-standard has-post-thumbnail hentry category-haber\">\n\t\t\t<div class=\"wd-post-inner\">\n\t\n\t<div class=\"wd-post-thumb color-scheme-light\">\n\t\t\t\t\t<div class=\"wd-post-img\">\n\t\t\t\t<img width=\"842\" height=\"474\" src=\"https:\/\/www.isiyad.net\/wp-content\/uploads\/2025\/11\/vizede-hizli-cozumle-ticaret-kazanir_842x474_EVlnie2xQ6.webp\" class=\"attachment-large size-large\" alt=\"\" decoding=\"async\" srcset=\"https:\/\/www.isiyad.net\/wp-content\/uploads\/2025\/11\/vizede-hizli-cozumle-ticaret-kazanir_842x474_EVlnie2xQ6.webp 842w, https:\/\/www.isiyad.net\/wp-content\/uploads\/2025\/11\/vizede-hizli-cozumle-ticaret-kazanir_842x474_EVlnie2xQ6-300x169.webp 300w, https:\/\/www.isiyad.net\/wp-content\/uploads\/2025\/11\/vizede-hizli-cozumle-ticaret-kazanir_842x474_EVlnie2xQ6-768x432.webp 768w, https:\/\/www.isiyad.net\/wp-content\/uploads\/2025\/11\/vizede-hizli-cozumle-ticaret-kazanir_842x474_EVlnie2xQ6-150x84.webp 150w\" sizes=\"(max-width: 842px) 100vw, 842px\" \/>\t\t\t<\/div>\n\t\t\n\t\t\t\t<a class=\"wd-post-link wd-fill\" href=\"https:\/\/www.isiyad.net\/istanbul-ticaret-odasi-ito-avrupa-ulkelerinin-ticaret-temsilcilerini-istanbulda-agirladi\/\" rel=\"bookmark\" aria-label=\"Link on post \u0130stanbul Ticaret Odas\u0131 (\u0130TO), Avrupa \u00fclkelerinin &#8230;\"><\/a>\n\n\t\t\t\t\t<div class=\"wd-post-header\">\n\t\t\t\t\t\t\t\t<div class=\"wd-post-author wd-meta-author\">\n\t\t\t\t\t\t\t\n\t\t\t\t\t<img alt='author-avatar' src='https:\/\/secure.gravatar.com\/avatar\/31bd59d65f2d9f5390ae193d420275df27981ded3fc037b2504d8df2417ca825?s=22&#038;d=mm&#038;r=g' srcset='https:\/\/secure.gravatar.com\/avatar\/31bd59d65f2d9f5390ae193d420275df27981ded3fc037b2504d8df2417ca825?s=44&#038;d=mm&#038;r=g 2x' class='avatar avatar-22 photo' height='22' width='22' decoding='async'\/>\t\t\n\t\t\t\t\t<a href=\"https:\/\/www.isiyad.net\/author\/adminisi\/\" class=\"author\" rel=\"author\">adminisi<\/a>\n\t\t\t\t\t\t\t\t<\/div>\n\n\t\t\t\t<div class=\"wd-post-actions\">\n\t\t\t\t\t\t\t\t\t\t\t<div class=\"wd-post-share wd-tltp\">\n\t\t\t\t\t\t\t<div class=\"tooltip top\">\n\t\t\t\t\t\t\t\t<div class=\"tooltip-inner\">\n\t\t\t\t\t\t\t\t\t\t\t\t<div\n\t\t\t\t\t\tclass=\" wd-social-icons  wd-style-default wd-size-small social-share wd-shape-circle color-scheme-light text-center\">\n\t\t\t\t\n\t\t\t\t\n\t\t\t\t\t\t\t\t\t<a rel=\"noopener noreferrer nofollow\" href=\"https:\/\/www.facebook.com\/sharer\/sharer.php?u=https:\/\/www.isiyad.net\/istanbul-ticaret-odasi-ito-avrupa-ulkelerinin-ticaret-temsilcilerini-istanbulda-agirladi\/\" target=\"_blank\" class=\" wd-social-icon social-facebook\" aria-label=\"Facebook social link\">\n\t\t\t\t\t\t<span class=\"wd-icon\"><\/span>\n\t\t\t\t\t\t\t\t\t\t\t<\/a>\n\t\t\t\t\n\t\t\t\t\t\t\t\t\t<a rel=\"noopener noreferrer nofollow\" href=\"https:\/\/x.com\/share?url=https:\/\/www.isiyad.net\/istanbul-ticaret-odasi-ito-avrupa-ulkelerinin-ticaret-temsilcilerini-istanbulda-agirladi\/\" target=\"_blank\" class=\" wd-social-icon social-twitter\" aria-label=\"X social link\">\n\t\t\t\t\t\t<span class=\"wd-icon\"><\/span>\n\t\t\t\t\t\t\t\t\t\t\t<\/a>\n\t\t\t\t\n\t\t\t\t\n\t\t\t\t\n\t\t\t\t\n\t\t\t\t\n\t\t\t\t\n\t\t\t\t\t\t\t\t\t<a rel=\"noopener noreferrer nofollow\" href=\"https:\/\/pinterest.com\/pin\/create\/button\/?url=https:\/\/www.isiyad.net\/istanbul-ticaret-odasi-ito-avrupa-ulkelerinin-ticaret-temsilcilerini-istanbulda-agirladi\/&media=https:\/\/www.isiyad.net\/wp-content\/uploads\/2025\/11\/vizede-hizli-cozumle-ticaret-kazanir_842x474_EVlnie2xQ6.webp&description=%C4%B0stanbul+Ticaret+Odas%C4%B1+%28%C4%B0TO%29%2C+Avrupa+%C3%BClkelerinin+%26%238230%3B\" target=\"_blank\" class=\" wd-social-icon social-pinterest\" aria-label=\"Pinterest social link\">\n\t\t\t\t\t\t<span class=\"wd-icon\"><\/span>\n\t\t\t\t\t\t\t\t\t\t\t<\/a>\n\t\t\t\t\n\t\t\t\t\n\t\t\t\t\t\t\t\t\t<a rel=\"noopener noreferrer nofollow\" href=\"https:\/\/www.linkedin.com\/shareArticle?mini=true&url=https:\/\/www.isiyad.net\/istanbul-ticaret-odasi-ito-avrupa-ulkelerinin-ticaret-temsilcilerini-istanbulda-agirladi\/\" target=\"_blank\" class=\" wd-social-icon social-linkedin\" aria-label=\"Linkedin social link\">\n\t\t\t\t\t\t<span class=\"wd-icon\"><\/span>\n\t\t\t\t\t\t\t\t\t\t\t<\/a>\n\t\t\t\t\n\t\t\t\t\n\t\t\t\t\n\t\t\t\t\n\t\t\t\t\n\t\t\t\t\n\t\t\t\t\n\t\t\t\t\n\t\t\t\t\n\t\t\t\t\n\t\t\t\t\n\t\t\t\t\n\t\t\t\t\n\t\t\t\t\n\t\t\t\t\n\t\t\t\t\t\t\t\t\t<a rel=\"noopener noreferrer nofollow\" href=\"https:\/\/telegram.me\/share\/url?url=https:\/\/www.isiyad.net\/istanbul-ticaret-odasi-ito-avrupa-ulkelerinin-ticaret-temsilcilerini-istanbulda-agirladi\/\" target=\"_blank\" class=\" wd-social-icon social-tg\" aria-label=\"Telegram social link\">\n\t\t\t\t\t\t<span class=\"wd-icon\"><\/span>\n\t\t\t\t\t\t\t\t\t\t\t<\/a>\n\t\t\t\t\n\t\t\t\t\n\t\t\t<\/div>\n\n\t\t\t\t\t\t\t\t\t\t<\/div>\n\t\t\t\t\t\t\t\t<div class=\"tooltip-arrow\"><\/div>\n\t\t\t\t\t\t\t<\/div>\n\t\t\t\t\t\t<\/div>\n\t\t\t\t\t\n\t\t\t\t\t\t\t\t\t\t\t\t\t\t\t\t\t<div class=\"wd-post-reply wd-meta-reply wd-style-1\">\n\t\t\t\t\t\t\t<a href=\"https:\/\/www.isiyad.net\/istanbul-ticaret-odasi-ito-avrupa-ulkelerinin-ticaret-temsilcilerini-istanbulda-agirladi\/#respond\"><span class=\"wd-replies-count\">0<\/span><\/a>\t\t\t\t\t\t<\/div>\n\t\t\t\t\t\t\t\t\t<\/div>\n\t\t\t<\/div>\n\t\t\t<\/div>\n\n\t<div class=\"wd-post-content\">\n\t\t<div class=\"wd-post-meta wd-post-entry-meta\">\n\t\t\t\n\t\t\t\t\t\t\t<div class=\"wd-post-cat wd-style-default\">\n\t\t\t\t\t<a href=\"https:\/\/www.isiyad.net\/category\/haber\/\" rel=\"category tag\">Haber<\/a>\t\t\t\t<\/div>\n\t\t\t\n\t\t\t\t\t<\/div>\n\n\t\t\t\t\t<h3 class=\"wd-post-title wd-entities-title title post-title\">\n\t\t\t\t<a href=\"https:\/\/www.isiyad.net\/istanbul-ticaret-odasi-ito-avrupa-ulkelerinin-ticaret-temsilcilerini-istanbulda-agirladi\/\" rel=\"bookmark\">\n\t\t\t\t\t\u0130stanbul Ticaret Odas\u0131 (\u0130TO), Avrupa \u00fclkelerinin &#8230;\t\t\t\t<\/a>\n\t\t\t<\/h3>\n\t\t\n\t\t\t\t\t<div class=\"wd-post-excerpt\">\n\t\t\t\t\t\t\t\t\t\u0130stanbul Ticaret Odas\u0131 (\u0130TO), Avrupa \u00fclkelerinin ticaret temsilcilerini \u0130stanbul\u2019da a\u011f\u0131rlad\u0131. \u0130TO Y\u00f6netim Kurulu Ba\u015fkan\u0131 \u015eeki...\t\t\t\t\t\t\t<\/div>\n\t\t\n\t\t\t\t\t\t\t\t\t\t<div class=\"wd-post-read-more wd-style-link read-more-section\">\n\t\t\t\t\t\t<a class=\"\" href=\"https:\/\/www.isiyad.net\/istanbul-ticaret-odasi-ito-avrupa-ulkelerinin-ticaret-temsilcilerini-istanbulda-agirladi\/\">Continue reading<\/a>\t\t\t\t\t<\/div>\n\t\t\t\t\t\t\t<\/div>\n\n\t\t\t<\/div>\n\t<\/article>\n\t\t\t\t\t\t\t\t\t\t\t\n<article id=\"post-34466\" class=\"wd-post blog-design-meta-image blog-post-loop blog-style-bg wd-col post-34466 post type-post status-publish format-standard has-post-thumbnail hentry category-haber\">\n\t\t\t<div class=\"wd-post-inner\">\n\t\n\t<div class=\"wd-post-thumb color-scheme-light\">\n\t\t\t\t\t<div class=\"wd-post-img\">\n\t\t\t\t<img width=\"678\" height=\"381\" src=\"https:\/\/www.isiyad.net\/wp-content\/uploads\/2025\/11\/IMG-20251030-WA0050-678x381-1.jpg\" class=\"attachment-large size-large\" alt=\"\" decoding=\"async\" srcset=\"https:\/\/www.isiyad.net\/wp-content\/uploads\/2025\/11\/IMG-20251030-WA0050-678x381-1.jpg 678w, https:\/\/www.isiyad.net\/wp-content\/uploads\/2025\/11\/IMG-20251030-WA0050-678x381-1-300x169.jpg 300w, https:\/\/www.isiyad.net\/wp-content\/uploads\/2025\/11\/IMG-20251030-WA0050-678x381-1-150x84.jpg 150w\" sizes=\"(max-width: 678px) 100vw, 678px\" \/>\t\t\t<\/div>\n\t\t\n\t\t\t\t<a class=\"wd-post-link wd-fill\" href=\"https:\/\/www.isiyad.net\/isiyad-genel-baskanimiz-cemal-coban-mhp-alanya-ilce-baskanimiz-mustafa-sumbul-baskanimiz-makaminda-ziyaret-ettiler\/\" rel=\"bookmark\" aria-label=\"Link on post \u0130S\u0130YAD Genel Ba\u015fkan\u0131m\u0131z Cemal \u00c7OBAN MHP &#8230;\"><\/a>\n\n\t\t\t\t\t<div class=\"wd-post-header\">\n\t\t\t\t\t\t\t\t<div class=\"wd-post-author wd-meta-author\">\n\t\t\t\t\t\t\t\n\t\t\t\t\t<img alt='author-avatar' src='https:\/\/secure.gravatar.com\/avatar\/31bd59d65f2d9f5390ae193d420275df27981ded3fc037b2504d8df2417ca825?s=22&#038;d=mm&#038;r=g' srcset='https:\/\/secure.gravatar.com\/avatar\/31bd59d65f2d9f5390ae193d420275df27981ded3fc037b2504d8df2417ca825?s=44&#038;d=mm&#038;r=g 2x' class='avatar avatar-22 photo' height='22' width='22' decoding='async'\/>\t\t\n\t\t\t\t\t<a href=\"https:\/\/www.isiyad.net\/author\/adminisi\/\" class=\"author\" rel=\"author\">adminisi<\/a>\n\t\t\t\t\t\t\t\t<\/div>\n\n\t\t\t\t<div class=\"wd-post-actions\">\n\t\t\t\t\t\t\t\t\t\t\t<div class=\"wd-post-share wd-tltp\">\n\t\t\t\t\t\t\t<div class=\"tooltip top\">\n\t\t\t\t\t\t\t\t<div class=\"tooltip-inner\">\n\t\t\t\t\t\t\t\t\t\t\t\t<div\n\t\t\t\t\t\tclass=\" wd-social-icons  wd-style-default wd-size-small social-share wd-shape-circle color-scheme-light text-center\">\n\t\t\t\t\n\t\t\t\t\n\t\t\t\t\t\t\t\t\t<a rel=\"noopener noreferrer nofollow\" href=\"https:\/\/www.facebook.com\/sharer\/sharer.php?u=https:\/\/www.isiyad.net\/isiyad-genel-baskanimiz-cemal-coban-mhp-alanya-ilce-baskanimiz-mustafa-sumbul-baskanimiz-makaminda-ziyaret-ettiler\/\" target=\"_blank\" class=\" wd-social-icon social-facebook\" aria-label=\"Facebook social link\">\n\t\t\t\t\t\t<span class=\"wd-icon\"><\/span>\n\t\t\t\t\t\t\t\t\t\t\t<\/a>\n\t\t\t\t\n\t\t\t\t\t\t\t\t\t<a rel=\"noopener noreferrer nofollow\" href=\"https:\/\/x.com\/share?url=https:\/\/www.isiyad.net\/isiyad-genel-baskanimiz-cemal-coban-mhp-alanya-ilce-baskanimiz-mustafa-sumbul-baskanimiz-makaminda-ziyaret-ettiler\/\" target=\"_blank\" class=\" wd-social-icon social-twitter\" aria-label=\"X social link\">\n\t\t\t\t\t\t<span class=\"wd-icon\"><\/span>\n\t\t\t\t\t\t\t\t\t\t\t<\/a>\n\t\t\t\t\n\t\t\t\t\n\t\t\t\t\n\t\t\t\t\n\t\t\t\t\n\t\t\t\t\n\t\t\t\t\t\t\t\t\t<a rel=\"noopener noreferrer nofollow\" href=\"https:\/\/pinterest.com\/pin\/create\/button\/?url=https:\/\/www.isiyad.net\/isiyad-genel-baskanimiz-cemal-coban-mhp-alanya-ilce-baskanimiz-mustafa-sumbul-baskanimiz-makaminda-ziyaret-ettiler\/&media=https:\/\/www.isiyad.net\/wp-content\/uploads\/2025\/11\/IMG-20251030-WA0050-678x381-1.jpg&description=%C4%B0S%C4%B0YAD+Genel+Ba%C5%9Fkan%C4%B1m%C4%B1z+Cemal+%C3%87OBAN+MHP+%26%238230%3B\" target=\"_blank\" class=\" wd-social-icon social-pinterest\" aria-label=\"Pinterest social link\">\n\t\t\t\t\t\t<span class=\"wd-icon\"><\/span>\n\t\t\t\t\t\t\t\t\t\t\t<\/a>\n\t\t\t\t\n\t\t\t\t\n\t\t\t\t\t\t\t\t\t<a rel=\"noopener noreferrer nofollow\" href=\"https:\/\/www.linkedin.com\/shareArticle?mini=true&url=https:\/\/www.isiyad.net\/isiyad-genel-baskanimiz-cemal-coban-mhp-alanya-ilce-baskanimiz-mustafa-sumbul-baskanimiz-makaminda-ziyaret-ettiler\/\" target=\"_blank\" class=\" wd-social-icon social-linkedin\" aria-label=\"Linkedin social link\">\n\t\t\t\t\t\t<span class=\"wd-icon\"><\/span>\n\t\t\t\t\t\t\t\t\t\t\t<\/a>\n\t\t\t\t\n\t\t\t\t\n\t\t\t\t\n\t\t\t\t\n\t\t\t\t\n\t\t\t\t\n\t\t\t\t\n\t\t\t\t\n\t\t\t\t\n\t\t\t\t\n\t\t\t\t\n\t\t\t\t\n\t\t\t\t\n\t\t\t\t\n\t\t\t\t\n\t\t\t\t\t\t\t\t\t<a rel=\"noopener noreferrer nofollow\" href=\"https:\/\/telegram.me\/share\/url?url=https:\/\/www.isiyad.net\/isiyad-genel-baskanimiz-cemal-coban-mhp-alanya-ilce-baskanimiz-mustafa-sumbul-baskanimiz-makaminda-ziyaret-ettiler\/\" target=\"_blank\" class=\" wd-social-icon social-tg\" aria-label=\"Telegram social link\">\n\t\t\t\t\t\t<span class=\"wd-icon\"><\/span>\n\t\t\t\t\t\t\t\t\t\t\t<\/a>\n\t\t\t\t\n\t\t\t\t\n\t\t\t<\/div>\n\n\t\t\t\t\t\t\t\t\t\t<\/div>\n\t\t\t\t\t\t\t\t<div class=\"tooltip-arrow\"><\/div>\n\t\t\t\t\t\t\t<\/div>\n\t\t\t\t\t\t<\/div>\n\t\t\t\t\t\n\t\t\t\t\t\t\t\t\t\t\t\t\t\t\t\t\t<div class=\"wd-post-reply wd-meta-reply wd-style-1\">\n\t\t\t\t\t\t\t<a href=\"https:\/\/www.isiyad.net\/isiyad-genel-baskanimiz-cemal-coban-mhp-alanya-ilce-baskanimiz-mustafa-sumbul-baskanimiz-makaminda-ziyaret-ettiler\/#respond\"><span class=\"wd-replies-count\">0<\/span><\/a>\t\t\t\t\t\t<\/div>\n\t\t\t\t\t\t\t\t\t<\/div>\n\t\t\t<\/div>\n\t\t\t<\/div>\n\n\t<div class=\"wd-post-content\">\n\t\t<div class=\"wd-post-meta wd-post-entry-meta\">\n\t\t\t\n\t\t\t\t\t\t\t<div class=\"wd-post-cat wd-style-default\">\n\t\t\t\t\t<a href=\"https:\/\/www.isiyad.net\/category\/haber\/\" rel=\"category tag\">Haber<\/a>\t\t\t\t<\/div>\n\t\t\t\n\t\t\t\t\t<\/div>\n\n\t\t\t\t\t<h3 class=\"wd-post-title wd-entities-title title post-title\">\n\t\t\t\t<a href=\"https:\/\/www.isiyad.net\/isiyad-genel-baskanimiz-cemal-coban-mhp-alanya-ilce-baskanimiz-mustafa-sumbul-baskanimiz-makaminda-ziyaret-ettiler\/\" rel=\"bookmark\">\n\t\t\t\t\t\u0130S\u0130YAD Genel Ba\u015fkan\u0131m\u0131z Cemal \u00c7OBAN MHP &#8230;\t\t\t\t<\/a>\n\t\t\t<\/h3>\n\t\t\n\t\t\t\t\t<div class=\"wd-post-excerpt\">\n\t\t\t\t\t\t\t\t\t\u0130S\u0130YAD Genel Ba\u015fkan\u0131m\u0131z Cemal \u00c7OBAN MHP Alanya ilce Ba\u015fkan\u0131m\u0131z Mustafa S\u00dcMB\u00dcL Ba\u015fkan\u0131m\u0131z makam\u0131nda ziyaret ettiler Alanya il\u00e7...\t\t\t\t\t\t\t<\/div>\n\t\t\n\t\t\t\t\t\t\t\t\t\t<div class=\"wd-post-read-more wd-style-link read-more-section\">\n\t\t\t\t\t\t<a class=\"\" href=\"https:\/\/www.isiyad.net\/isiyad-genel-baskanimiz-cemal-coban-mhp-alanya-ilce-baskanimiz-mustafa-sumbul-baskanimiz-makaminda-ziyaret-ettiler\/\">Continue reading<\/a>\t\t\t\t\t<\/div>\n\t\t\t\t\t\t\t<\/div>\n\n\t\t\t<\/div>\n\t<\/article>\n\t\t\t\t\t\t\t\t\t\t\t\n<article id=\"post-34467\" class=\"wd-post blog-design-meta-image blog-post-loop blog-style-bg wd-col post-34467 post type-post status-publish format-standard has-post-thumbnail hentry category-haber\">\n\t\t\t<div class=\"wd-post-inner\">\n\t\n\t<div class=\"wd-post-thumb color-scheme-light\">\n\t\t\t\t\t<div class=\"wd-post-img\">\n\t\t\t\t<img width=\"678\" height=\"381\" src=\"https:\/\/www.isiyad.net\/wp-content\/uploads\/2025\/11\/20251029_091044-678x381-1.jpg\" class=\"attachment-large size-large\" alt=\"\" decoding=\"async\" srcset=\"https:\/\/www.isiyad.net\/wp-content\/uploads\/2025\/11\/20251029_091044-678x381-1.jpg 678w, https:\/\/www.isiyad.net\/wp-content\/uploads\/2025\/11\/20251029_091044-678x381-1-300x169.jpg 300w, https:\/\/www.isiyad.net\/wp-content\/uploads\/2025\/11\/20251029_091044-678x381-1-150x84.jpg 150w\" sizes=\"(max-width: 678px) 100vw, 678px\" \/>\t\t\t<\/div>\n\t\t\n\t\t\t\t<a class=\"wd-post-link wd-fill\" href=\"https:\/\/www.isiyad.net\/alanya-kaymakamligimizin-duzenlemis-oldugu-cumhuriyetmiin-102-yili-29-ekim-bayrami-torenlerine-sayin-isiyad-genel\/\" rel=\"bookmark\" aria-label=\"Link on post Alanya kaymakaml\u0131\u011f\u0131m\u0131z\u0131n D\u00fczenlemi\u015f oldu\u011fu &#8230;\"><\/a>\n\n\t\t\t\t\t<div class=\"wd-post-header\">\n\t\t\t\t\t\t\t\t<div class=\"wd-post-author wd-meta-author\">\n\t\t\t\t\t\t\t\n\t\t\t\t\t<img alt='author-avatar' src='https:\/\/secure.gravatar.com\/avatar\/31bd59d65f2d9f5390ae193d420275df27981ded3fc037b2504d8df2417ca825?s=22&#038;d=mm&#038;r=g' srcset='https:\/\/secure.gravatar.com\/avatar\/31bd59d65f2d9f5390ae193d420275df27981ded3fc037b2504d8df2417ca825?s=44&#038;d=mm&#038;r=g 2x' class='avatar avatar-22 photo' height='22' width='22' decoding='async'\/>\t\t\n\t\t\t\t\t<a href=\"https:\/\/www.isiyad.net\/author\/adminisi\/\" class=\"author\" rel=\"author\">adminisi<\/a>\n\t\t\t\t\t\t\t\t<\/div>\n\n\t\t\t\t<div class=\"wd-post-actions\">\n\t\t\t\t\t\t\t\t\t\t\t<div class=\"wd-post-share wd-tltp\">\n\t\t\t\t\t\t\t<div class=\"tooltip top\">\n\t\t\t\t\t\t\t\t<div class=\"tooltip-inner\">\n\t\t\t\t\t\t\t\t\t\t\t\t<div\n\t\t\t\t\t\tclass=\" wd-social-icons  wd-style-default wd-size-small social-share wd-shape-circle color-scheme-light text-center\">\n\t\t\t\t\n\t\t\t\t\n\t\t\t\t\t\t\t\t\t<a rel=\"noopener noreferrer nofollow\" href=\"https:\/\/www.facebook.com\/sharer\/sharer.php?u=https:\/\/www.isiyad.net\/alanya-kaymakamligimizin-duzenlemis-oldugu-cumhuriyetmiin-102-yili-29-ekim-bayrami-torenlerine-sayin-isiyad-genel\/\" target=\"_blank\" class=\" wd-social-icon social-facebook\" aria-label=\"Facebook social link\">\n\t\t\t\t\t\t<span class=\"wd-icon\"><\/span>\n\t\t\t\t\t\t\t\t\t\t\t<\/a>\n\t\t\t\t\n\t\t\t\t\t\t\t\t\t<a rel=\"noopener noreferrer nofollow\" href=\"https:\/\/x.com\/share?url=https:\/\/www.isiyad.net\/alanya-kaymakamligimizin-duzenlemis-oldugu-cumhuriyetmiin-102-yili-29-ekim-bayrami-torenlerine-sayin-isiyad-genel\/\" target=\"_blank\" class=\" wd-social-icon social-twitter\" aria-label=\"X social link\">\n\t\t\t\t\t\t<span class=\"wd-icon\"><\/span>\n\t\t\t\t\t\t\t\t\t\t\t<\/a>\n\t\t\t\t\n\t\t\t\t\n\t\t\t\t\n\t\t\t\t\n\t\t\t\t\n\t\t\t\t\n\t\t\t\t\t\t\t\t\t<a rel=\"noopener noreferrer nofollow\" href=\"https:\/\/pinterest.com\/pin\/create\/button\/?url=https:\/\/www.isiyad.net\/alanya-kaymakamligimizin-duzenlemis-oldugu-cumhuriyetmiin-102-yili-29-ekim-bayrami-torenlerine-sayin-isiyad-genel\/&media=https:\/\/www.isiyad.net\/wp-content\/uploads\/2025\/11\/20251029_091044-678x381-1.jpg&description=Alanya+kaymakaml%C4%B1%C4%9F%C4%B1m%C4%B1z%C4%B1n+D%C3%BCzenlemi%C5%9F+oldu%C4%9Fu+%26%238230%3B\" target=\"_blank\" class=\" wd-social-icon social-pinterest\" aria-label=\"Pinterest social link\">\n\t\t\t\t\t\t<span class=\"wd-icon\"><\/span>\n\t\t\t\t\t\t\t\t\t\t\t<\/a>\n\t\t\t\t\n\t\t\t\t\n\t\t\t\t\t\t\t\t\t<a rel=\"noopener noreferrer nofollow\" href=\"https:\/\/www.linkedin.com\/shareArticle?mini=true&url=https:\/\/www.isiyad.net\/alanya-kaymakamligimizin-duzenlemis-oldugu-cumhuriyetmiin-102-yili-29-ekim-bayrami-torenlerine-sayin-isiyad-genel\/\" target=\"_blank\" class=\" wd-social-icon social-linkedin\" aria-label=\"Linkedin social link\">\n\t\t\t\t\t\t<span class=\"wd-icon\"><\/span>\n\t\t\t\t\t\t\t\t\t\t\t<\/a>\n\t\t\t\t\n\t\t\t\t\n\t\t\t\t\n\t\t\t\t\n\t\t\t\t\n\t\t\t\t\n\t\t\t\t\n\t\t\t\t\n\t\t\t\t\n\t\t\t\t\n\t\t\t\t\n\t\t\t\t\n\t\t\t\t\n\t\t\t\t\n\t\t\t\t\n\t\t\t\t\t\t\t\t\t<a rel=\"noopener noreferrer nofollow\" href=\"https:\/\/telegram.me\/share\/url?url=https:\/\/www.isiyad.net\/alanya-kaymakamligimizin-duzenlemis-oldugu-cumhuriyetmiin-102-yili-29-ekim-bayrami-torenlerine-sayin-isiyad-genel\/\" target=\"_blank\" class=\" wd-social-icon social-tg\" aria-label=\"Telegram social link\">\n\t\t\t\t\t\t<span class=\"wd-icon\"><\/span>\n\t\t\t\t\t\t\t\t\t\t\t<\/a>\n\t\t\t\t\n\t\t\t\t\n\t\t\t<\/div>\n\n\t\t\t\t\t\t\t\t\t\t<\/div>\n\t\t\t\t\t\t\t\t<div class=\"tooltip-arrow\"><\/div>\n\t\t\t\t\t\t\t<\/div>\n\t\t\t\t\t\t<\/div>\n\t\t\t\t\t\n\t\t\t\t\t\t\t\t\t\t\t\t\t\t\t\t\t<div class=\"wd-post-reply wd-meta-reply wd-style-1\">\n\t\t\t\t\t\t\t<a href=\"https:\/\/www.isiyad.net\/alanya-kaymakamligimizin-duzenlemis-oldugu-cumhuriyetmiin-102-yili-29-ekim-bayrami-torenlerine-sayin-isiyad-genel\/#respond\"><span class=\"wd-replies-count\">0<\/span><\/a>\t\t\t\t\t\t<\/div>\n\t\t\t\t\t\t\t\t\t<\/div>\n\t\t\t<\/div>\n\t\t\t<\/div>\n\n\t<div class=\"wd-post-content\">\n\t\t<div class=\"wd-post-meta wd-post-entry-meta\">\n\t\t\t\n\t\t\t\t\t\t\t<div class=\"wd-post-cat wd-style-default\">\n\t\t\t\t\t<a href=\"https:\/\/www.isiyad.net\/category\/haber\/\" rel=\"category tag\">Haber<\/a>\t\t\t\t<\/div>\n\t\t\t\n\t\t\t\t\t<\/div>\n\n\t\t\t\t\t<h3 class=\"wd-post-title wd-entities-title title post-title\">\n\t\t\t\t<a href=\"https:\/\/www.isiyad.net\/alanya-kaymakamligimizin-duzenlemis-oldugu-cumhuriyetmiin-102-yili-29-ekim-bayrami-torenlerine-sayin-isiyad-genel\/\" rel=\"bookmark\">\n\t\t\t\t\tAlanya kaymakaml\u0131\u011f\u0131m\u0131z\u0131n D\u00fczenlemi\u015f oldu\u011fu &#8230;\t\t\t\t<\/a>\n\t\t\t<\/h3>\n\t\t\n\t\t\t\t\t<div class=\"wd-post-excerpt\">\n\t\t\t\t\t\t\t\t\tAlanya kaymakaml\u0131\u011f\u0131m\u0131z\u0131n D\u00fczenlemi\u015f oldu\u011fu cumhuriyetmiin 102. Y\u0131l\u0131 29 Ekim Bayram\u0131 T\u00f6renlerine say\u0131n.Alanya Kaymakam\u0131m\u0131z. \u015ea...\t\t\t\t\t\t\t<\/div>\n\t\t\n\t\t\t\t\t\t\t\t\t\t<div class=\"wd-post-read-more wd-style-link read-more-section\">\n\t\t\t\t\t\t<a class=\"\" href=\"https:\/\/www.isiyad.net\/alanya-kaymakamligimizin-duzenlemis-oldugu-cumhuriyetmiin-102-yili-29-ekim-bayrami-torenlerine-sayin-isiyad-genel\/\">Continue reading<\/a>\t\t\t\t\t<\/div>\n\t\t\t\t\t\t\t<\/div>\n\n\t\t\t<\/div>\n\t<\/article>\n\t\t\t\t\t\t\t\t\t\t\t\n<article id=\"post-34465\" class=\"wd-post blog-design-meta-image blog-post-loop blog-style-bg wd-col post-34465 post type-post status-publish format-standard has-post-thumbnail hentry category-haber\">\n\t\t\t<div class=\"wd-post-inner\">\n\t\n\t<div class=\"wd-post-thumb color-scheme-light\">\n\t\t\t\t\t<div class=\"wd-post-img\">\n\t\t\t\t<img width=\"678\" height=\"381\" src=\"https:\/\/www.isiyad.net\/wp-content\/uploads\/2025\/11\/FB_IMG_1761393360277-678x381-1.jpg\" class=\"attachment-large size-large\" alt=\"\" decoding=\"async\" srcset=\"https:\/\/www.isiyad.net\/wp-content\/uploads\/2025\/11\/FB_IMG_1761393360277-678x381-1.jpg 678w, https:\/\/www.isiyad.net\/wp-content\/uploads\/2025\/11\/FB_IMG_1761393360277-678x381-1-300x169.jpg 300w, https:\/\/www.isiyad.net\/wp-content\/uploads\/2025\/11\/FB_IMG_1761393360277-678x381-1-150x84.jpg 150w\" sizes=\"(max-width: 678px) 100vw, 678px\" \/>\t\t\t<\/div>\n\t\t\n\t\t\t\t<a class=\"wd-post-link wd-fill\" href=\"https:\/\/www.isiyad.net\/irak-bagdat-basbakan-yardimcisi-ve-eski-mutesar\/\" rel=\"bookmark\" aria-label=\"Link on post Irak Ba\u011fdat Ba\u015fbakan Yard\u0131mc\u0131s\u0131 ve eski m\u00fcte\u015far\"><\/a>\n\n\t\t\t\t\t<div class=\"wd-post-header\">\n\t\t\t\t\t\t\t\t<div class=\"wd-post-author wd-meta-author\">\n\t\t\t\t\t\t\t\n\t\t\t\t\t<img alt='author-avatar' src='https:\/\/secure.gravatar.com\/avatar\/31bd59d65f2d9f5390ae193d420275df27981ded3fc037b2504d8df2417ca825?s=22&#038;d=mm&#038;r=g' srcset='https:\/\/secure.gravatar.com\/avatar\/31bd59d65f2d9f5390ae193d420275df27981ded3fc037b2504d8df2417ca825?s=44&#038;d=mm&#038;r=g 2x' class='avatar avatar-22 photo' height='22' width='22' decoding='async'\/>\t\t\n\t\t\t\t\t<a href=\"https:\/\/www.isiyad.net\/author\/adminisi\/\" class=\"author\" rel=\"author\">adminisi<\/a>\n\t\t\t\t\t\t\t\t<\/div>\n\n\t\t\t\t<div class=\"wd-post-actions\">\n\t\t\t\t\t\t\t\t\t\t\t<div class=\"wd-post-share wd-tltp\">\n\t\t\t\t\t\t\t<div class=\"tooltip top\">\n\t\t\t\t\t\t\t\t<div class=\"tooltip-inner\">\n\t\t\t\t\t\t\t\t\t\t\t\t<div\n\t\t\t\t\t\tclass=\" wd-social-icons  wd-style-default wd-size-small social-share wd-shape-circle color-scheme-light text-center\">\n\t\t\t\t\n\t\t\t\t\n\t\t\t\t\t\t\t\t\t<a rel=\"noopener noreferrer nofollow\" href=\"https:\/\/www.facebook.com\/sharer\/sharer.php?u=https:\/\/www.isiyad.net\/irak-bagdat-basbakan-yardimcisi-ve-eski-mutesar\/\" target=\"_blank\" class=\" wd-social-icon social-facebook\" aria-label=\"Facebook social link\">\n\t\t\t\t\t\t<span class=\"wd-icon\"><\/span>\n\t\t\t\t\t\t\t\t\t\t\t<\/a>\n\t\t\t\t\n\t\t\t\t\t\t\t\t\t<a rel=\"noopener noreferrer nofollow\" href=\"https:\/\/x.com\/share?url=https:\/\/www.isiyad.net\/irak-bagdat-basbakan-yardimcisi-ve-eski-mutesar\/\" target=\"_blank\" class=\" wd-social-icon social-twitter\" aria-label=\"X social link\">\n\t\t\t\t\t\t<span class=\"wd-icon\"><\/span>\n\t\t\t\t\t\t\t\t\t\t\t<\/a>\n\t\t\t\t\n\t\t\t\t\n\t\t\t\t\n\t\t\t\t\n\t\t\t\t\n\t\t\t\t\n\t\t\t\t\t\t\t\t\t<a rel=\"noopener noreferrer nofollow\" href=\"https:\/\/pinterest.com\/pin\/create\/button\/?url=https:\/\/www.isiyad.net\/irak-bagdat-basbakan-yardimcisi-ve-eski-mutesar\/&media=https:\/\/www.isiyad.net\/wp-content\/uploads\/2025\/11\/FB_IMG_1761393360277-678x381-1.jpg&description=Irak+Ba%C4%9Fdat+Ba%C5%9Fbakan+Yard%C4%B1mc%C4%B1s%C4%B1+ve+eski+m%C3%BCte%C5%9Far\" target=\"_blank\" class=\" wd-social-icon social-pinterest\" aria-label=\"Pinterest social link\">\n\t\t\t\t\t\t<span class=\"wd-icon\"><\/span>\n\t\t\t\t\t\t\t\t\t\t\t<\/a>\n\t\t\t\t\n\t\t\t\t\n\t\t\t\t\t\t\t\t\t<a rel=\"noopener noreferrer nofollow\" href=\"https:\/\/www.linkedin.com\/shareArticle?mini=true&url=https:\/\/www.isiyad.net\/irak-bagdat-basbakan-yardimcisi-ve-eski-mutesar\/\" target=\"_blank\" class=\" wd-social-icon social-linkedin\" aria-label=\"Linkedin social link\">\n\t\t\t\t\t\t<span class=\"wd-icon\"><\/span>\n\t\t\t\t\t\t\t\t\t\t\t<\/a>\n\t\t\t\t\n\t\t\t\t\n\t\t\t\t\n\t\t\t\t\n\t\t\t\t\n\t\t\t\t\n\t\t\t\t\n\t\t\t\t\n\t\t\t\t\n\t\t\t\t\n\t\t\t\t\n\t\t\t\t\n\t\t\t\t\n\t\t\t\t\n\t\t\t\t\n\t\t\t\t\t\t\t\t\t<a rel=\"noopener noreferrer nofollow\" href=\"https:\/\/telegram.me\/share\/url?url=https:\/\/www.isiyad.net\/irak-bagdat-basbakan-yardimcisi-ve-eski-mutesar\/\" target=\"_blank\" class=\" wd-social-icon social-tg\" aria-label=\"Telegram social link\">\n\t\t\t\t\t\t<span class=\"wd-icon\"><\/span>\n\t\t\t\t\t\t\t\t\t\t\t<\/a>\n\t\t\t\t\n\t\t\t\t\n\t\t\t<\/div>\n\n\t\t\t\t\t\t\t\t\t\t<\/div>\n\t\t\t\t\t\t\t\t<div class=\"tooltip-arrow\"><\/div>\n\t\t\t\t\t\t\t<\/div>\n\t\t\t\t\t\t<\/div>\n\t\t\t\t\t\n\t\t\t\t\t\t\t\t\t\t\t\t\t\t\t\t\t<div class=\"wd-post-reply wd-meta-reply wd-style-1\">\n\t\t\t\t\t\t\t<a href=\"https:\/\/www.isiyad.net\/irak-bagdat-basbakan-yardimcisi-ve-eski-mutesar\/#respond\"><span class=\"wd-replies-count\">0<\/span><\/a>\t\t\t\t\t\t<\/div>\n\t\t\t\t\t\t\t\t\t<\/div>\n\t\t\t<\/div>\n\t\t\t<\/div>\n\n\t<div class=\"wd-post-content\">\n\t\t<div class=\"wd-post-meta wd-post-entry-meta\">\n\t\t\t\n\t\t\t\t\t\t\t<div class=\"wd-post-cat wd-style-default\">\n\t\t\t\t\t<a href=\"https:\/\/www.isiyad.net\/category\/haber\/\" rel=\"category tag\">Haber<\/a>\t\t\t\t<\/div>\n\t\t\t\n\t\t\t\t\t<\/div>\n\n\t\t\t\t\t<h3 class=\"wd-post-title wd-entities-title title post-title\">\n\t\t\t\t<a href=\"https:\/\/www.isiyad.net\/irak-bagdat-basbakan-yardimcisi-ve-eski-mutesar\/\" rel=\"bookmark\">\n\t\t\t\t\tIrak Ba\u011fdat Ba\u015fbakan Yard\u0131mc\u0131s\u0131 ve eski m\u00fcte\u015far\t\t\t\t<\/a>\n\t\t\t<\/h3>\n\t\t\n\t\t\t\t\t<div class=\"wd-post-excerpt\">\n\t\t\t\t\t\t\t\t\tIrak Ba\u011fdat Ba\u015fbakan Yard\u0131mc\u0131s\u0131 ve eski m\u00fcte\u015far. Safari Yaghdan \u0131 Ankara Merdan Police Hotelde. \u0130S\u0130YAD Genel Ba\u015fkan\u0131m\u0131z Cemal...\t\t\t\t\t\t\t<\/div>\n\t\t\n\t\t\t\t\t\t\t\t\t\t<div class=\"wd-post-read-more wd-style-link read-more-section\">\n\t\t\t\t\t\t<a class=\"\" href=\"https:\/\/www.isiyad.net\/irak-bagdat-basbakan-yardimcisi-ve-eski-mutesar\/\">Continue reading<\/a>\t\t\t\t\t<\/div>\n\t\t\t\t\t\t\t<\/div>\n\n\t\t\t<\/div>\n\t<\/article>\n\t\t\t\t\t\t\t\t\t\t\t\n<article id=\"post-33952\" class=\"wd-post blog-design-meta-image blog-post-loop blog-style-bg wd-col post-33952 post type-post status-publish format-standard has-post-thumbnail hentry category-haber\">\n\t\t\t<div class=\"wd-post-inner\">\n\t\n\t<div class=\"wd-post-thumb color-scheme-light\">\n\t\t\t\t\t<div class=\"wd-post-img\">\n\t\t\t\t<img width=\"678\" height=\"381\" src=\"https:\/\/www.isiyad.net\/wp-content\/uploads\/2025\/10\/ISIYAD-Baskani-Cemal-Cobandan-KKTC-Secimlerine-Destek-Mesaji.jpg\" class=\"attachment-large size-large\" alt=\"\" decoding=\"async\" srcset=\"https:\/\/www.isiyad.net\/wp-content\/uploads\/2025\/10\/ISIYAD-Baskani-Cemal-Cobandan-KKTC-Secimlerine-Destek-Mesaji.jpg 678w, https:\/\/www.isiyad.net\/wp-content\/uploads\/2025\/10\/ISIYAD-Baskani-Cemal-Cobandan-KKTC-Secimlerine-Destek-Mesaji-300x169.jpg 300w, https:\/\/www.isiyad.net\/wp-content\/uploads\/2025\/10\/ISIYAD-Baskani-Cemal-Cobandan-KKTC-Secimlerine-Destek-Mesaji-150x84.jpg 150w\" sizes=\"(max-width: 678px) 100vw, 678px\" \/>\t\t\t<\/div>\n\t\t\n\t\t\t\t<a class=\"wd-post-link wd-fill\" href=\"https:\/\/www.isiyad.net\/isiyad-baskani-cemal-cobandan-kktc-secimlerine-destek-mesaji\/\" rel=\"bookmark\" aria-label=\"Link on post \u0130S\u0130YAD Ba\u015fkan\u0131 Cemal \u00c7oban&#8217;dan KKTC Se\u00e7imlerine Destek Mesaj\u0131\"><\/a>\n\n\t\t\t\t\t<div class=\"wd-post-header\">\n\t\t\t\t\t\t\t\t<div class=\"wd-post-author wd-meta-author\">\n\t\t\t\t\t\t\t\n\t\t\t\t\t<img alt='author-avatar' src='https:\/\/secure.gravatar.com\/avatar\/31bd59d65f2d9f5390ae193d420275df27981ded3fc037b2504d8df2417ca825?s=22&#038;d=mm&#038;r=g' srcset='https:\/\/secure.gravatar.com\/avatar\/31bd59d65f2d9f5390ae193d420275df27981ded3fc037b2504d8df2417ca825?s=44&#038;d=mm&#038;r=g 2x' class='avatar avatar-22 photo' height='22' width='22' decoding='async'\/>\t\t\n\t\t\t\t\t<a href=\"https:\/\/www.isiyad.net\/author\/adminisi\/\" class=\"author\" rel=\"author\">adminisi<\/a>\n\t\t\t\t\t\t\t\t<\/div>\n\n\t\t\t\t<div class=\"wd-post-actions\">\n\t\t\t\t\t\t\t\t\t\t\t<div class=\"wd-post-share wd-tltp\">\n\t\t\t\t\t\t\t<div class=\"tooltip top\">\n\t\t\t\t\t\t\t\t<div class=\"tooltip-inner\">\n\t\t\t\t\t\t\t\t\t\t\t\t<div\n\t\t\t\t\t\tclass=\" wd-social-icons  wd-style-default wd-size-small social-share wd-shape-circle color-scheme-light text-center\">\n\t\t\t\t\n\t\t\t\t\n\t\t\t\t\t\t\t\t\t<a rel=\"noopener noreferrer nofollow\" href=\"https:\/\/www.facebook.com\/sharer\/sharer.php?u=https:\/\/www.isiyad.net\/isiyad-baskani-cemal-cobandan-kktc-secimlerine-destek-mesaji\/\" target=\"_blank\" class=\" wd-social-icon social-facebook\" aria-label=\"Facebook social link\">\n\t\t\t\t\t\t<span class=\"wd-icon\"><\/span>\n\t\t\t\t\t\t\t\t\t\t\t<\/a>\n\t\t\t\t\n\t\t\t\t\t\t\t\t\t<a rel=\"noopener noreferrer nofollow\" href=\"https:\/\/x.com\/share?url=https:\/\/www.isiyad.net\/isiyad-baskani-cemal-cobandan-kktc-secimlerine-destek-mesaji\/\" target=\"_blank\" class=\" wd-social-icon social-twitter\" aria-label=\"X social link\">\n\t\t\t\t\t\t<span class=\"wd-icon\"><\/span>\n\t\t\t\t\t\t\t\t\t\t\t<\/a>\n\t\t\t\t\n\t\t\t\t\n\t\t\t\t\n\t\t\t\t\n\t\t\t\t\n\t\t\t\t\n\t\t\t\t\t\t\t\t\t<a rel=\"noopener noreferrer nofollow\" href=\"https:\/\/pinterest.com\/pin\/create\/button\/?url=https:\/\/www.isiyad.net\/isiyad-baskani-cemal-cobandan-kktc-secimlerine-destek-mesaji\/&media=https:\/\/www.isiyad.net\/wp-content\/uploads\/2025\/10\/ISIYAD-Baskani-Cemal-Cobandan-KKTC-Secimlerine-Destek-Mesaji.jpg&description=%C4%B0S%C4%B0YAD+Ba%C5%9Fkan%C4%B1+Cemal+%C3%87oban%26%238217%3Bdan+KKTC+Se%C3%A7imlerine+Destek+Mesaj%C4%B1\" target=\"_blank\" class=\" wd-social-icon social-pinterest\" aria-label=\"Pinterest social link\">\n\t\t\t\t\t\t<span class=\"wd-icon\"><\/span>\n\t\t\t\t\t\t\t\t\t\t\t<\/a>\n\t\t\t\t\n\t\t\t\t\n\t\t\t\t\t\t\t\t\t<a rel=\"noopener noreferrer nofollow\" href=\"https:\/\/www.linkedin.com\/shareArticle?mini=true&url=https:\/\/www.isiyad.net\/isiyad-baskani-cemal-cobandan-kktc-secimlerine-destek-mesaji\/\" target=\"_blank\" class=\" wd-social-icon social-linkedin\" aria-label=\"Linkedin social link\">\n\t\t\t\t\t\t<span class=\"wd-icon\"><\/span>\n\t\t\t\t\t\t\t\t\t\t\t<\/a>\n\t\t\t\t\n\t\t\t\t\n\t\t\t\t\n\t\t\t\t\n\t\t\t\t\n\t\t\t\t\n\t\t\t\t\n\t\t\t\t\n\t\t\t\t\n\t\t\t\t\n\t\t\t\t\n\t\t\t\t\n\t\t\t\t\n\t\t\t\t\n\t\t\t\t\n\t\t\t\t\t\t\t\t\t<a rel=\"noopener noreferrer nofollow\" href=\"https:\/\/telegram.me\/share\/url?url=https:\/\/www.isiyad.net\/isiyad-baskani-cemal-cobandan-kktc-secimlerine-destek-mesaji\/\" target=\"_blank\" class=\" wd-social-icon social-tg\" aria-label=\"Telegram social link\">\n\t\t\t\t\t\t<span class=\"wd-icon\"><\/span>\n\t\t\t\t\t\t\t\t\t\t\t<\/a>\n\t\t\t\t\n\t\t\t\t\n\t\t\t<\/div>\n\n\t\t\t\t\t\t\t\t\t\t<\/div>\n\t\t\t\t\t\t\t\t<div class=\"tooltip-arrow\"><\/div>\n\t\t\t\t\t\t\t<\/div>\n\t\t\t\t\t\t<\/div>\n\t\t\t\t\t\n\t\t\t\t\t\t\t\t\t\t\t\t\t\t\t\t\t<div class=\"wd-post-reply wd-meta-reply wd-style-1\">\n\t\t\t\t\t\t\t<a href=\"https:\/\/www.isiyad.net\/isiyad-baskani-cemal-cobandan-kktc-secimlerine-destek-mesaji\/#respond\"><span class=\"wd-replies-count\">0<\/span><\/a>\t\t\t\t\t\t<\/div>\n\t\t\t\t\t\t\t\t\t<\/div>\n\t\t\t<\/div>\n\t\t\t<\/div>\n\n\t<div class=\"wd-post-content\">\n\t\t<div class=\"wd-post-meta wd-post-entry-meta\">\n\t\t\t\n\t\t\t\t\t\t\t<div class=\"wd-post-cat wd-style-default\">\n\t\t\t\t\t<a href=\"https:\/\/www.isiyad.net\/category\/haber\/\" rel=\"category tag\">Haber<\/a>\t\t\t\t<\/div>\n\t\t\t\n\t\t\t\t\t<\/div>\n\n\t\t\t\t\t<h3 class=\"wd-post-title wd-entities-title title post-title\">\n\t\t\t\t<a href=\"https:\/\/www.isiyad.net\/isiyad-baskani-cemal-cobandan-kktc-secimlerine-destek-mesaji\/\" rel=\"bookmark\">\n\t\t\t\t\t\u0130S\u0130YAD Ba\u015fkan\u0131 Cemal \u00c7oban&#8217;dan KKTC Se\u00e7imlerine Destek Mesaj\u0131\t\t\t\t<\/a>\n\t\t\t<\/h3>\n\t\t\n\t\t\t\t\t<div class=\"wd-post-excerpt\">\n\t\t\t\t\t\t\t\t\t\u0130S\u0130YAD\u00a0 \u00a0Genel\u00a0 Ba\u015fkan\u0131\u00a0 \u00a0Cemal\u00a0 \u00c7OBAN\u00a0 , Kuzey K\u0131br\u0131s T\u00fcrk Cumhuriyeti\u2019ndeki (KKTC) cumhurba\u015fkan\u0131 se\u00e7imine ili\u015fkin payla\u015f\u0131md...\t\t\t\t\t\t\t<\/div>\n\t\t\n\t\t\t\t\t\t\t\t\t\t<div class=\"wd-post-read-more wd-style-link read-more-section\">\n\t\t\t\t\t\t<a class=\"\" href=\"https:\/\/www.isiyad.net\/isiyad-baskani-cemal-cobandan-kktc-secimlerine-destek-mesaji\/\">Continue reading<\/a>\t\t\t\t\t<\/div>\n\t\t\t\t\t\t\t<\/div>\n\n\t\t\t<\/div>\n\t<\/article>\n\t\t\t\t\t\t\t\t\t\t\t\n<article id=\"post-33953\" class=\"wd-post blog-design-meta-image blog-post-loop blog-style-bg wd-col post-33953 post type-post status-publish format-standard has-post-thumbnail hentry category-haber\">\n\t\t\t<div class=\"wd-post-inner\">\n\t\n\t<div class=\"wd-post-thumb color-scheme-light\">\n\t\t\t\t\t<div class=\"wd-post-img\">\n\t\t\t\t<img width=\"678\" height=\"381\" src=\"https:\/\/www.isiyad.net\/wp-content\/uploads\/2025\/10\/5fe285f0-d214-4584-8463-4e74d6599660-678x381-1.jpg\" class=\"attachment-large size-large\" alt=\"\" decoding=\"async\" srcset=\"https:\/\/www.isiyad.net\/wp-content\/uploads\/2025\/10\/5fe285f0-d214-4584-8463-4e74d6599660-678x381-1.jpg 678w, https:\/\/www.isiyad.net\/wp-content\/uploads\/2025\/10\/5fe285f0-d214-4584-8463-4e74d6599660-678x381-1-300x169.jpg 300w, https:\/\/www.isiyad.net\/wp-content\/uploads\/2025\/10\/5fe285f0-d214-4584-8463-4e74d6599660-678x381-1-150x84.jpg 150w\" sizes=\"(max-width: 678px) 100vw, 678px\" \/>\t\t\t<\/div>\n\t\t\n\t\t\t\t<a class=\"wd-post-link wd-fill\" href=\"https:\/\/www.isiyad.net\/isiyad-temsilcisi-istanbulda-yatirim-ve-is-firsatlari-toplantisina-katildi\/\" rel=\"bookmark\" aria-label=\"Link on post \u0130S\u0130YAD Temsilcisi \u0130stanbul&#8217;da Yat\u0131r\u0131m ve \u0130\u015f F\u0131rsatlar\u0131 Toplant\u0131s\u0131na Kat\u0131ld\u0131\"><\/a>\n\n\t\t\t\t\t<div class=\"wd-post-header\">\n\t\t\t\t\t\t\t\t<div class=\"wd-post-author wd-meta-author\">\n\t\t\t\t\t\t\t\n\t\t\t\t\t<img alt='author-avatar' src='https:\/\/secure.gravatar.com\/avatar\/31bd59d65f2d9f5390ae193d420275df27981ded3fc037b2504d8df2417ca825?s=22&#038;d=mm&#038;r=g' srcset='https:\/\/secure.gravatar.com\/avatar\/31bd59d65f2d9f5390ae193d420275df27981ded3fc037b2504d8df2417ca825?s=44&#038;d=mm&#038;r=g 2x' class='avatar avatar-22 photo' height='22' width='22' decoding='async'\/>\t\t\n\t\t\t\t\t<a href=\"https:\/\/www.isiyad.net\/author\/adminisi\/\" class=\"author\" rel=\"author\">adminisi<\/a>\n\t\t\t\t\t\t\t\t<\/div>\n\n\t\t\t\t<div class=\"wd-post-actions\">\n\t\t\t\t\t\t\t\t\t\t\t<div class=\"wd-post-share wd-tltp\">\n\t\t\t\t\t\t\t<div class=\"tooltip top\">\n\t\t\t\t\t\t\t\t<div class=\"tooltip-inner\">\n\t\t\t\t\t\t\t\t\t\t\t\t<div\n\t\t\t\t\t\tclass=\" wd-social-icons  wd-style-default wd-size-small social-share wd-shape-circle color-scheme-light text-center\">\n\t\t\t\t\n\t\t\t\t\n\t\t\t\t\t\t\t\t\t<a rel=\"noopener noreferrer nofollow\" href=\"https:\/\/www.facebook.com\/sharer\/sharer.php?u=https:\/\/www.isiyad.net\/isiyad-temsilcisi-istanbulda-yatirim-ve-is-firsatlari-toplantisina-katildi\/\" target=\"_blank\" class=\" wd-social-icon social-facebook\" aria-label=\"Facebook social link\">\n\t\t\t\t\t\t<span class=\"wd-icon\"><\/span>\n\t\t\t\t\t\t\t\t\t\t\t<\/a>\n\t\t\t\t\n\t\t\t\t\t\t\t\t\t<a rel=\"noopener noreferrer nofollow\" href=\"https:\/\/x.com\/share?url=https:\/\/www.isiyad.net\/isiyad-temsilcisi-istanbulda-yatirim-ve-is-firsatlari-toplantisina-katildi\/\" target=\"_blank\" class=\" wd-social-icon social-twitter\" aria-label=\"X social link\">\n\t\t\t\t\t\t<span class=\"wd-icon\"><\/span>\n\t\t\t\t\t\t\t\t\t\t\t<\/a>\n\t\t\t\t\n\t\t\t\t\n\t\t\t\t\n\t\t\t\t\n\t\t\t\t\n\t\t\t\t\n\t\t\t\t\t\t\t\t\t<a rel=\"noopener noreferrer nofollow\" href=\"https:\/\/pinterest.com\/pin\/create\/button\/?url=https:\/\/www.isiyad.net\/isiyad-temsilcisi-istanbulda-yatirim-ve-is-firsatlari-toplantisina-katildi\/&media=https:\/\/www.isiyad.net\/wp-content\/uploads\/2025\/10\/5fe285f0-d214-4584-8463-4e74d6599660-678x381-1.jpg&description=%C4%B0S%C4%B0YAD+Temsilcisi+%C4%B0stanbul%26%238217%3Bda+Yat%C4%B1r%C4%B1m+ve+%C4%B0%C5%9F+F%C4%B1rsatlar%C4%B1+Toplant%C4%B1s%C4%B1na+Kat%C4%B1ld%C4%B1\" target=\"_blank\" class=\" wd-social-icon social-pinterest\" aria-label=\"Pinterest social link\">\n\t\t\t\t\t\t<span class=\"wd-icon\"><\/span>\n\t\t\t\t\t\t\t\t\t\t\t<\/a>\n\t\t\t\t\n\t\t\t\t\n\t\t\t\t\t\t\t\t\t<a rel=\"noopener noreferrer nofollow\" href=\"https:\/\/www.linkedin.com\/shareArticle?mini=true&url=https:\/\/www.isiyad.net\/isiyad-temsilcisi-istanbulda-yatirim-ve-is-firsatlari-toplantisina-katildi\/\" target=\"_blank\" class=\" wd-social-icon social-linkedin\" aria-label=\"Linkedin social link\">\n\t\t\t\t\t\t<span class=\"wd-icon\"><\/span>\n\t\t\t\t\t\t\t\t\t\t\t<\/a>\n\t\t\t\t\n\t\t\t\t\n\t\t\t\t\n\t\t\t\t\n\t\t\t\t\n\t\t\t\t\n\t\t\t\t\n\t\t\t\t\n\t\t\t\t\n\t\t\t\t\n\t\t\t\t\n\t\t\t\t\n\t\t\t\t\n\t\t\t\t\n\t\t\t\t\n\t\t\t\t\t\t\t\t\t<a rel=\"noopener noreferrer nofollow\" href=\"https:\/\/telegram.me\/share\/url?url=https:\/\/www.isiyad.net\/isiyad-temsilcisi-istanbulda-yatirim-ve-is-firsatlari-toplantisina-katildi\/\" target=\"_blank\" class=\" wd-social-icon social-tg\" aria-label=\"Telegram social link\">\n\t\t\t\t\t\t<span class=\"wd-icon\"><\/span>\n\t\t\t\t\t\t\t\t\t\t\t<\/a>\n\t\t\t\t\n\t\t\t\t\n\t\t\t<\/div>\n\n\t\t\t\t\t\t\t\t\t\t<\/div>\n\t\t\t\t\t\t\t\t<div class=\"tooltip-arrow\"><\/div>\n\t\t\t\t\t\t\t<\/div>\n\t\t\t\t\t\t<\/div>\n\t\t\t\t\t\n\t\t\t\t\t\t\t\t\t\t\t\t\t\t\t\t\t<div class=\"wd-post-reply wd-meta-reply wd-style-1\">\n\t\t\t\t\t\t\t<a href=\"https:\/\/www.isiyad.net\/isiyad-temsilcisi-istanbulda-yatirim-ve-is-firsatlari-toplantisina-katildi\/#respond\"><span class=\"wd-replies-count\">0<\/span><\/a>\t\t\t\t\t\t<\/div>\n\t\t\t\t\t\t\t\t\t<\/div>\n\t\t\t<\/div>\n\t\t\t<\/div>\n\n\t<div class=\"wd-post-content\">\n\t\t<div class=\"wd-post-meta wd-post-entry-meta\">\n\t\t\t\n\t\t\t\t\t\t\t<div class=\"wd-post-cat wd-style-default\">\n\t\t\t\t\t<a href=\"https:\/\/www.isiyad.net\/category\/haber\/\" rel=\"category tag\">Haber<\/a>\t\t\t\t<\/div>\n\t\t\t\n\t\t\t\t\t<\/div>\n\n\t\t\t\t\t<h3 class=\"wd-post-title wd-entities-title title post-title\">\n\t\t\t\t<a href=\"https:\/\/www.isiyad.net\/isiyad-temsilcisi-istanbulda-yatirim-ve-is-firsatlari-toplantisina-katildi\/\" rel=\"bookmark\">\n\t\t\t\t\t\u0130S\u0130YAD Temsilcisi \u0130stanbul&#8217;da Yat\u0131r\u0131m ve \u0130\u015f F\u0131rsatlar\u0131 Toplant\u0131s\u0131na Kat\u0131ld\u0131\t\t\t\t<\/a>\n\t\t\t<\/h3>\n\t\t\n\t\t\t\t\t<div class=\"wd-post-excerpt\">\n\t\t\t\t\t\t\t\t\t\u0130S\u0130YAD Ba\u015fkan vekilimiz ve i\u015f d\u00fcnyas\u0131 platformu Genel Ba\u015fkan\u0131m\u0131z A Fuat BODUR organize etmi\u015f oldu\u011fu \u0130STANBUL \u00c7\u0131ragan Saray\u0131 k...\t\t\t\t\t\t\t<\/div>\n\t\t\n\t\t\t\t\t\t\t\t\t\t<div class=\"wd-post-read-more wd-style-link read-more-section\">\n\t\t\t\t\t\t<a class=\"\" href=\"https:\/\/www.isiyad.net\/isiyad-temsilcisi-istanbulda-yatirim-ve-is-firsatlari-toplantisina-katildi\/\">Continue reading<\/a>\t\t\t\t\t<\/div>\n\t\t\t\t\t\t\t<\/div>\n\n\t\t\t<\/div>\n\t<\/article>\n\t\t\t\t\t\t\t\t\t\t\t\n<article id=\"post-33954\" class=\"wd-post blog-design-meta-image blog-post-loop blog-style-bg wd-col post-33954 post type-post status-publish format-standard has-post-thumbnail hentry category-haber\">\n\t\t\t<div class=\"wd-post-inner\">\n\t\n\t<div class=\"wd-post-thumb color-scheme-light\">\n\t\t\t\t\t<div class=\"wd-post-img\">\n\t\t\t\t<img width=\"678\" height=\"381\" src=\"https:\/\/www.isiyad.net\/wp-content\/uploads\/2025\/10\/ISIYADin-53.-AYDINLAR-OKYANUS-Buyuk-Konseyindeki-Varligi.jpg\" class=\"attachment-large size-large\" alt=\"\" decoding=\"async\" srcset=\"https:\/\/www.isiyad.net\/wp-content\/uploads\/2025\/10\/ISIYADin-53.-AYDINLAR-OKYANUS-Buyuk-Konseyindeki-Varligi.jpg 678w, https:\/\/www.isiyad.net\/wp-content\/uploads\/2025\/10\/ISIYADin-53.-AYDINLAR-OKYANUS-Buyuk-Konseyindeki-Varligi-300x169.jpg 300w, https:\/\/www.isiyad.net\/wp-content\/uploads\/2025\/10\/ISIYADin-53.-AYDINLAR-OKYANUS-Buyuk-Konseyindeki-Varligi-150x84.jpg 150w\" sizes=\"(max-width: 678px) 100vw, 678px\" \/>\t\t\t<\/div>\n\t\t\n\t\t\t\t<a class=\"wd-post-link wd-fill\" href=\"https:\/\/www.isiyad.net\/isiyadin-53-aydinlar-okyanus-buyuk-konseyindeki-varligi\/\" rel=\"bookmark\" aria-label=\"Link on post ISIYAD&#8217;\u0131n 53. AYDINLAR OKYANUS B\u00fcy\u00fck Konseyi&#8217;ndeki Varl\u0131\u011f\u0131\"><\/a>\n\n\t\t\t\t\t<div class=\"wd-post-header\">\n\t\t\t\t\t\t\t\t<div class=\"wd-post-author wd-meta-author\">\n\t\t\t\t\t\t\t\n\t\t\t\t\t<img alt='author-avatar' src='https:\/\/secure.gravatar.com\/avatar\/31bd59d65f2d9f5390ae193d420275df27981ded3fc037b2504d8df2417ca825?s=22&#038;d=mm&#038;r=g' srcset='https:\/\/secure.gravatar.com\/avatar\/31bd59d65f2d9f5390ae193d420275df27981ded3fc037b2504d8df2417ca825?s=44&#038;d=mm&#038;r=g 2x' class='avatar avatar-22 photo' height='22' width='22' decoding='async'\/>\t\t\n\t\t\t\t\t<a href=\"https:\/\/www.isiyad.net\/author\/adminisi\/\" class=\"author\" rel=\"author\">adminisi<\/a>\n\t\t\t\t\t\t\t\t<\/div>\n\n\t\t\t\t<div class=\"wd-post-actions\">\n\t\t\t\t\t\t\t\t\t\t\t<div class=\"wd-post-share wd-tltp\">\n\t\t\t\t\t\t\t<div class=\"tooltip top\">\n\t\t\t\t\t\t\t\t<div class=\"tooltip-inner\">\n\t\t\t\t\t\t\t\t\t\t\t\t<div\n\t\t\t\t\t\tclass=\" wd-social-icons  wd-style-default wd-size-small social-share wd-shape-circle color-scheme-light text-center\">\n\t\t\t\t\n\t\t\t\t\n\t\t\t\t\t\t\t\t\t<a rel=\"noopener noreferrer nofollow\" href=\"https:\/\/www.facebook.com\/sharer\/sharer.php?u=https:\/\/www.isiyad.net\/isiyadin-53-aydinlar-okyanus-buyuk-konseyindeki-varligi\/\" target=\"_blank\" class=\" wd-social-icon social-facebook\" aria-label=\"Facebook social link\">\n\t\t\t\t\t\t<span class=\"wd-icon\"><\/span>\n\t\t\t\t\t\t\t\t\t\t\t<\/a>\n\t\t\t\t\n\t\t\t\t\t\t\t\t\t<a rel=\"noopener noreferrer nofollow\" href=\"https:\/\/x.com\/share?url=https:\/\/www.isiyad.net\/isiyadin-53-aydinlar-okyanus-buyuk-konseyindeki-varligi\/\" target=\"_blank\" class=\" wd-social-icon social-twitter\" aria-label=\"X social link\">\n\t\t\t\t\t\t<span class=\"wd-icon\"><\/span>\n\t\t\t\t\t\t\t\t\t\t\t<\/a>\n\t\t\t\t\n\t\t\t\t\n\t\t\t\t\n\t\t\t\t\n\t\t\t\t\n\t\t\t\t\n\t\t\t\t\t\t\t\t\t<a rel=\"noopener noreferrer nofollow\" href=\"https:\/\/pinterest.com\/pin\/create\/button\/?url=https:\/\/www.isiyad.net\/isiyadin-53-aydinlar-okyanus-buyuk-konseyindeki-varligi\/&media=https:\/\/www.isiyad.net\/wp-content\/uploads\/2025\/10\/ISIYADin-53.-AYDINLAR-OKYANUS-Buyuk-Konseyindeki-Varligi.jpg&description=ISIYAD%26%238217%3B%C4%B1n+53.+AYDINLAR+OKYANUS+B%C3%BCy%C3%BCk+Konseyi%26%238217%3Bndeki+Varl%C4%B1%C4%9F%C4%B1\" target=\"_blank\" class=\" wd-social-icon social-pinterest\" aria-label=\"Pinterest social link\">\n\t\t\t\t\t\t<span class=\"wd-icon\"><\/span>\n\t\t\t\t\t\t\t\t\t\t\t<\/a>\n\t\t\t\t\n\t\t\t\t\n\t\t\t\t\t\t\t\t\t<a rel=\"noopener noreferrer nofollow\" href=\"https:\/\/www.linkedin.com\/shareArticle?mini=true&url=https:\/\/www.isiyad.net\/isiyadin-53-aydinlar-okyanus-buyuk-konseyindeki-varligi\/\" target=\"_blank\" class=\" wd-social-icon social-linkedin\" aria-label=\"Linkedin social link\">\n\t\t\t\t\t\t<span class=\"wd-icon\"><\/span>\n\t\t\t\t\t\t\t\t\t\t\t<\/a>\n\t\t\t\t\n\t\t\t\t\n\t\t\t\t\n\t\t\t\t\n\t\t\t\t\n\t\t\t\t\n\t\t\t\t\n\t\t\t\t\n\t\t\t\t\n\t\t\t\t\n\t\t\t\t\n\t\t\t\t\n\t\t\t\t\n\t\t\t\t\n\t\t\t\t\n\t\t\t\t\t\t\t\t\t<a rel=\"noopener noreferrer nofollow\" href=\"https:\/\/telegram.me\/share\/url?url=https:\/\/www.isiyad.net\/isiyadin-53-aydinlar-okyanus-buyuk-konseyindeki-varligi\/\" target=\"_blank\" class=\" wd-social-icon social-tg\" aria-label=\"Telegram social link\">\n\t\t\t\t\t\t<span class=\"wd-icon\"><\/span>\n\t\t\t\t\t\t\t\t\t\t\t<\/a>\n\t\t\t\t\n\t\t\t\t\n\t\t\t<\/div>\n\n\t\t\t\t\t\t\t\t\t\t<\/div>\n\t\t\t\t\t\t\t\t<div class=\"tooltip-arrow\"><\/div>\n\t\t\t\t\t\t\t<\/div>\n\t\t\t\t\t\t<\/div>\n\t\t\t\t\t\n\t\t\t\t\t\t\t\t\t\t\t\t\t\t\t\t\t<div class=\"wd-post-reply wd-meta-reply wd-style-1\">\n\t\t\t\t\t\t\t<a href=\"https:\/\/www.isiyad.net\/isiyadin-53-aydinlar-okyanus-buyuk-konseyindeki-varligi\/#respond\"><span class=\"wd-replies-count\">0<\/span><\/a>\t\t\t\t\t\t<\/div>\n\t\t\t\t\t\t\t\t\t<\/div>\n\t\t\t<\/div>\n\t\t\t<\/div>\n\n\t<div class=\"wd-post-content\">\n\t\t<div class=\"wd-post-meta wd-post-entry-meta\">\n\t\t\t\n\t\t\t\t\t\t\t<div class=\"wd-post-cat wd-style-default\">\n\t\t\t\t\t<a href=\"https:\/\/www.isiyad.net\/category\/haber\/\" rel=\"category tag\">Haber<\/a>\t\t\t\t<\/div>\n\t\t\t\n\t\t\t\t\t<\/div>\n\n\t\t\t\t\t<h3 class=\"wd-post-title wd-entities-title title post-title\">\n\t\t\t\t<a href=\"https:\/\/www.isiyad.net\/isiyadin-53-aydinlar-okyanus-buyuk-konseyindeki-varligi\/\" rel=\"bookmark\">\n\t\t\t\t\tISIYAD&#8217;\u0131n 53. AYDINLAR OKYANUS B\u00fcy\u00fck Konseyi&#8217;ndeki Varl\u0131\u011f\u0131\t\t\t\t<\/a>\n\t\t\t<\/h3>\n\t\t\n\t\t\t\t\t<div class=\"wd-post-excerpt\">\n\t\t\t\t\t\t\t\t\t\u0130S\u0130YAD Y\u00fcksek isti\u015fare Kurulu \u00fcyemiz \u0130TO ve \u0130BB Meclis \u00fcyemiz AYDINLAR OCA\u011eI m\u00fctevelli Heyeti Ba\u015fkan\u0131 Y\u00fcksek mimar S\u00fcleyman U...\t\t\t\t\t\t\t<\/div>\n\t\t\n\t\t\t\t\t\t\t\t\t\t<div class=\"wd-post-read-more wd-style-link read-more-section\">\n\t\t\t\t\t\t<a class=\"\" href=\"https:\/\/www.isiyad.net\/isiyadin-53-aydinlar-okyanus-buyuk-konseyindeki-varligi\/\">Continue reading<\/a>\t\t\t\t\t<\/div>\n\t\t\t\t\t\t\t<\/div>\n\n\t\t\t<\/div>\n\t<\/article>\n\t\t\t\t\t\t\t\t\t\t\t\n<article id=\"post-33897\" class=\"wd-post blog-design-meta-image blog-post-loop blog-style-bg wd-col post-33897 post type-post status-publish format-standard has-post-thumbnail hentry category-haber\">\n\t\t\t<div class=\"wd-post-inner\">\n\t\n\t<div class=\"wd-post-thumb color-scheme-light\">\n\t\t\t\t\t<div class=\"wd-post-img\">\n\t\t\t\t<img width=\"678\" height=\"381\" src=\"https:\/\/www.isiyad.net\/wp-content\/uploads\/2025\/10\/IRAN-Tahran-Ticaret-odasi-Baskan-vekili-Aliriza-KIANI-ve-heyetini-ISIYAD-Genel-Merkezinde-Agirladik1.jpg\" class=\"attachment-large size-large\" alt=\"\u0130RAN Tahran Ticaret odas\u0131 Ba\u015fkan vekili Alir\u0131za K\u0130AN\u0130 ve heyetini \u0130S\u0130YAD Genel Merkezinde A\u011f\u0131rlad\u0131k1\" decoding=\"async\" srcset=\"https:\/\/www.isiyad.net\/wp-content\/uploads\/2025\/10\/IRAN-Tahran-Ticaret-odasi-Baskan-vekili-Aliriza-KIANI-ve-heyetini-ISIYAD-Genel-Merkezinde-Agirladik1.jpg 678w, https:\/\/www.isiyad.net\/wp-content\/uploads\/2025\/10\/IRAN-Tahran-Ticaret-odasi-Baskan-vekili-Aliriza-KIANI-ve-heyetini-ISIYAD-Genel-Merkezinde-Agirladik1-300x169.jpg 300w, https:\/\/www.isiyad.net\/wp-content\/uploads\/2025\/10\/IRAN-Tahran-Ticaret-odasi-Baskan-vekili-Aliriza-KIANI-ve-heyetini-ISIYAD-Genel-Merkezinde-Agirladik1-150x84.jpg 150w\" sizes=\"(max-width: 678px) 100vw, 678px\" \/>\t\t\t<\/div>\n\t\t\n\t\t\t\t<a class=\"wd-post-link wd-fill\" href=\"https:\/\/www.isiyad.net\/isiyad-genel-merkezi-tahran-ticaret-odasi-baskan-yardimcisi-ve-eslik-eden-heyeti-agirladi\/\" rel=\"bookmark\" aria-label=\"Link on post ISIYAD Genel Merkezi, Tahran Ticaret Odas\u0131 Ba\u015fkan Yard\u0131mc\u0131s\u0131 ve E\u015flik Eden Heyeti A\u011f\u0131rlad\u0131\"><\/a>\n\n\t\t\t\t\t<div class=\"wd-post-header\">\n\t\t\t\t\t\t\t\t<div class=\"wd-post-author wd-meta-author\">\n\t\t\t\t\t\t\t\n\t\t\t\t\t<img alt='author-avatar' src='https:\/\/secure.gravatar.com\/avatar\/31bd59d65f2d9f5390ae193d420275df27981ded3fc037b2504d8df2417ca825?s=22&#038;d=mm&#038;r=g' srcset='https:\/\/secure.gravatar.com\/avatar\/31bd59d65f2d9f5390ae193d420275df27981ded3fc037b2504d8df2417ca825?s=44&#038;d=mm&#038;r=g 2x' class='avatar avatar-22 photo' height='22' width='22' decoding='async'\/>\t\t\n\t\t\t\t\t<a href=\"https:\/\/www.isiyad.net\/author\/adminisi\/\" class=\"author\" rel=\"author\">adminisi<\/a>\n\t\t\t\t\t\t\t\t<\/div>\n\n\t\t\t\t<div class=\"wd-post-actions\">\n\t\t\t\t\t\t\t\t\t\t\t<div class=\"wd-post-share wd-tltp\">\n\t\t\t\t\t\t\t<div class=\"tooltip top\">\n\t\t\t\t\t\t\t\t<div class=\"tooltip-inner\">\n\t\t\t\t\t\t\t\t\t\t\t\t<div\n\t\t\t\t\t\tclass=\" wd-social-icons  wd-style-default wd-size-small social-share wd-shape-circle color-scheme-light text-center\">\n\t\t\t\t\n\t\t\t\t\n\t\t\t\t\t\t\t\t\t<a rel=\"noopener noreferrer nofollow\" href=\"https:\/\/www.facebook.com\/sharer\/sharer.php?u=https:\/\/www.isiyad.net\/isiyad-genel-merkezi-tahran-ticaret-odasi-baskan-yardimcisi-ve-eslik-eden-heyeti-agirladi\/\" target=\"_blank\" class=\" wd-social-icon social-facebook\" aria-label=\"Facebook social link\">\n\t\t\t\t\t\t<span class=\"wd-icon\"><\/span>\n\t\t\t\t\t\t\t\t\t\t\t<\/a>\n\t\t\t\t\n\t\t\t\t\t\t\t\t\t<a rel=\"noopener noreferrer nofollow\" href=\"https:\/\/x.com\/share?url=https:\/\/www.isiyad.net\/isiyad-genel-merkezi-tahran-ticaret-odasi-baskan-yardimcisi-ve-eslik-eden-heyeti-agirladi\/\" target=\"_blank\" class=\" wd-social-icon social-twitter\" aria-label=\"X social link\">\n\t\t\t\t\t\t<span class=\"wd-icon\"><\/span>\n\t\t\t\t\t\t\t\t\t\t\t<\/a>\n\t\t\t\t\n\t\t\t\t\n\t\t\t\t\n\t\t\t\t\n\t\t\t\t\n\t\t\t\t\n\t\t\t\t\t\t\t\t\t<a rel=\"noopener noreferrer nofollow\" href=\"https:\/\/pinterest.com\/pin\/create\/button\/?url=https:\/\/www.isiyad.net\/isiyad-genel-merkezi-tahran-ticaret-odasi-baskan-yardimcisi-ve-eslik-eden-heyeti-agirladi\/&media=https:\/\/www.isiyad.net\/wp-content\/uploads\/2025\/10\/IRAN-Tahran-Ticaret-odasi-Baskan-vekili-Aliriza-KIANI-ve-heyetini-ISIYAD-Genel-Merkezinde-Agirladik1.jpg&description=ISIYAD+Genel+Merkezi%2C+Tahran+Ticaret+Odas%C4%B1+Ba%C5%9Fkan+Yard%C4%B1mc%C4%B1s%C4%B1+ve+E%C5%9Flik+Eden+Heyeti+A%C4%9F%C4%B1rlad%C4%B1\" target=\"_blank\" class=\" wd-social-icon social-pinterest\" aria-label=\"Pinterest social link\">\n\t\t\t\t\t\t<span class=\"wd-icon\"><\/span>\n\t\t\t\t\t\t\t\t\t\t\t<\/a>\n\t\t\t\t\n\t\t\t\t\n\t\t\t\t\t\t\t\t\t<a rel=\"noopener noreferrer nofollow\" href=\"https:\/\/www.linkedin.com\/shareArticle?mini=true&url=https:\/\/www.isiyad.net\/isiyad-genel-merkezi-tahran-ticaret-odasi-baskan-yardimcisi-ve-eslik-eden-heyeti-agirladi\/\" target=\"_blank\" class=\" wd-social-icon social-linkedin\" aria-label=\"Linkedin social link\">\n\t\t\t\t\t\t<span class=\"wd-icon\"><\/span>\n\t\t\t\t\t\t\t\t\t\t\t<\/a>\n\t\t\t\t\n\t\t\t\t\n\t\t\t\t\n\t\t\t\t\n\t\t\t\t\n\t\t\t\t\n\t\t\t\t\n\t\t\t\t\n\t\t\t\t\n\t\t\t\t\n\t\t\t\t\n\t\t\t\t\n\t\t\t\t\n\t\t\t\t\n\t\t\t\t\n\t\t\t\t\t\t\t\t\t<a rel=\"noopener noreferrer nofollow\" href=\"https:\/\/telegram.me\/share\/url?url=https:\/\/www.isiyad.net\/isiyad-genel-merkezi-tahran-ticaret-odasi-baskan-yardimcisi-ve-eslik-eden-heyeti-agirladi\/\" target=\"_blank\" class=\" wd-social-icon social-tg\" aria-label=\"Telegram social link\">\n\t\t\t\t\t\t<span class=\"wd-icon\"><\/span>\n\t\t\t\t\t\t\t\t\t\t\t<\/a>\n\t\t\t\t\n\t\t\t\t\n\t\t\t<\/div>\n\n\t\t\t\t\t\t\t\t\t\t<\/div>\n\t\t\t\t\t\t\t\t<div class=\"tooltip-arrow\"><\/div>\n\t\t\t\t\t\t\t<\/div>\n\t\t\t\t\t\t<\/div>\n\t\t\t\t\t\n\t\t\t\t\t\t\t\t\t\t\t\t\t\t\t\t\t<div class=\"wd-post-reply wd-meta-reply wd-style-1\">\n\t\t\t\t\t\t\t<a href=\"https:\/\/www.isiyad.net\/isiyad-genel-merkezi-tahran-ticaret-odasi-baskan-yardimcisi-ve-eslik-eden-heyeti-agirladi\/#respond\"><span class=\"wd-replies-count\">0<\/span><\/a>\t\t\t\t\t\t<\/div>\n\t\t\t\t\t\t\t\t\t<\/div>\n\t\t\t<\/div>\n\t\t\t<\/div>\n\n\t<div class=\"wd-post-content\">\n\t\t<div class=\"wd-post-meta wd-post-entry-meta\">\n\t\t\t\n\t\t\t\t\t\t\t<div class=\"wd-post-cat wd-style-default\">\n\t\t\t\t\t<a href=\"https:\/\/www.isiyad.net\/category\/haber\/\" rel=\"category tag\">Haber<\/a>\t\t\t\t<\/div>\n\t\t\t\n\t\t\t\t\t<\/div>\n\n\t\t\t\t\t<h3 class=\"wd-post-title wd-entities-title title post-title\">\n\t\t\t\t<a href=\"https:\/\/www.isiyad.net\/isiyad-genel-merkezi-tahran-ticaret-odasi-baskan-yardimcisi-ve-eslik-eden-heyeti-agirladi\/\" rel=\"bookmark\">\n\t\t\t\t\tISIYAD Genel Merkezi, Tahran Ticaret Odas\u0131 Ba\u015fkan Yard\u0131mc\u0131s\u0131 ve E\u015flik Eden Heyeti A\u011f\u0131rlad\u0131\t\t\t\t<\/a>\n\t\t\t<\/h3>\n\t\t\n\t\t\t\t\t<div class=\"wd-post-excerpt\">\n\t\t\t\t\t\t\t\t\t\u0130RAN Tahran Ticaret odas\u0131 Ba\u015fkan vekili Alir\u0131za K\u0130AN\u0130 ve heyetini \u0130S\u0130YAD Genel Merkezinde A\u011f\u0131rlad\u0131k\r\n\u0130S\u0130YAD Genel Ba\u015fkan\u0131m\u0131z ...\t\t\t\t\t\t\t<\/div>\n\t\t\n\t\t\t\t\t\t\t\t\t\t<div class=\"wd-post-read-more wd-style-link read-more-section\">\n\t\t\t\t\t\t<a class=\"\" href=\"https:\/\/www.isiyad.net\/isiyad-genel-merkezi-tahran-ticaret-odasi-baskan-yardimcisi-ve-eslik-eden-heyeti-agirladi\/\">Continue reading<\/a>\t\t\t\t\t<\/div>\n\t\t\t\t\t\t\t<\/div>\n\n\t\t\t<\/div>\n\t<\/article>\n\t\t\t\t\t\n\t\t\t\t\t","status":"have-posts","nextPage":"https:\/\/www.isiyad.net\/author\/adminisi\/page\/4\/?woo_ajax=1","currentPage":"https:\/\/www.isiyad.net\/author\/adminisi\/page\/3"}