
			
				

					
				

			
		{"items":"\n\t\t\t\t\t\t\t\t\t\t\t\n<article id=\"post-34804\" class=\"wd-post blog-design-meta-image blog-post-loop blog-style-bg wd-col post-34804 post type-post status-publish format-standard has-post-thumbnail hentry category-haber\">\n\t\t\t<div class=\"wd-post-inner\">\n\t\n\t<div class=\"wd-post-thumb color-scheme-light\">\n\t\t\t\t\t<div class=\"wd-post-img\">\n\t\t\t\t<img width=\"678\" height=\"381\" src=\"https:\/\/www.isiyad.net\/wp-content\/uploads\/2025\/12\/ISIYAD-Dernegimizin-5-Olagan-Genel-Kurul-Toplanti-DUYURUSUz-1.jpg\" class=\"attachment-large size-large\" alt=\"\u0130S\u0130YAD Derne\u011fimizin 5 Ola\u011fan Genel Kurul Toplant\u0131 DUYURUSUz\" decoding=\"async\" fetchpriority=\"high\" srcset=\"https:\/\/www.isiyad.net\/wp-content\/uploads\/2025\/12\/ISIYAD-Dernegimizin-5-Olagan-Genel-Kurul-Toplanti-DUYURUSUz-1.jpg 678w, https:\/\/www.isiyad.net\/wp-content\/uploads\/2025\/12\/ISIYAD-Dernegimizin-5-Olagan-Genel-Kurul-Toplanti-DUYURUSUz-1-300x169.jpg 300w, https:\/\/www.isiyad.net\/wp-content\/uploads\/2025\/12\/ISIYAD-Dernegimizin-5-Olagan-Genel-Kurul-Toplanti-DUYURUSUz-1-150x84.jpg 150w\" sizes=\"(max-width: 678px) 100vw, 678px\" \/>\t\t\t<\/div>\n\t\t\n\t\t\t\t<a class=\"wd-post-link wd-fill\" href=\"https:\/\/www.isiyad.net\/isiyad-dernegimizin-5-olagan-genel-kurul-toplanti-duyurusuz\/\" rel=\"bookmark\" aria-label=\"Link on post \u0130S\u0130YAD Derne\u011fimizin 5  Ola\u011fan Genel Kurul Toplant\u0131 DUYURUSUz\"><\/a>\n\n\t\t\t\t\t<div class=\"wd-post-header\">\n\t\t\t\t\t\t\t<link rel=\"stylesheet\" id=\"wd-blog-mod-author-css\" href=\"https:\/\/www.isiyad.net\/wp-content\/themes\/woodmart\/css\/parts\/blog-mod-author.min.css?ver=8.2.7\" type=\"text\/css\" media=\"all\" \/> \t\t\t\t\t\t\t<div class=\"wd-post-author wd-meta-author\">\n\t\t\t\t\t\t\t\n\t\t\t\t\t<img alt='author-avatar' src='https:\/\/secure.gravatar.com\/avatar\/31bd59d65f2d9f5390ae193d420275df27981ded3fc037b2504d8df2417ca825?s=22&#038;d=mm&#038;r=g' srcset='https:\/\/secure.gravatar.com\/avatar\/31bd59d65f2d9f5390ae193d420275df27981ded3fc037b2504d8df2417ca825?s=44&#038;d=mm&#038;r=g 2x' class='avatar avatar-22 photo' height='22' width='22' decoding='async'\/>\t\t\n\t\t\t\t\t<a href=\"https:\/\/www.isiyad.net\/author\/adminisi\/\" class=\"author\" rel=\"author\">adminisi<\/a>\n\t\t\t\t\t\t\t\t<\/div>\n\n\t\t\t\t<div class=\"wd-post-actions\">\n\t\t\t\t\t\t\t\t\t\t\t<div class=\"wd-post-share wd-tltp\">\n\t\t\t\t\t\t\t<div class=\"tooltip top\">\n\t\t\t\t\t\t\t\t<div class=\"tooltip-inner\">\n\t\t\t\t\t\t\t\t\t\t\t\t<link rel=\"stylesheet\" id=\"wd-social-icons-css\" href=\"https:\/\/www.isiyad.net\/wp-content\/themes\/woodmart\/css\/parts\/el-social-icons.min.css?ver=8.2.7\" type=\"text\/css\" media=\"all\" \/> \t\t\t\t\t\t<div\n\t\t\t\t\t\tclass=\" wd-social-icons  wd-style-default wd-size-small social-share wd-shape-circle color-scheme-light text-center\">\n\t\t\t\t\n\t\t\t\t\n\t\t\t\t\t\t\t\t\t<a rel=\"noopener noreferrer nofollow\" href=\"https:\/\/www.facebook.com\/sharer\/sharer.php?u=https:\/\/www.isiyad.net\/isiyad-dernegimizin-5-olagan-genel-kurul-toplanti-duyurusuz\/\" target=\"_blank\" class=\" wd-social-icon social-facebook\" aria-label=\"Facebook social link\">\n\t\t\t\t\t\t<span class=\"wd-icon\"><\/span>\n\t\t\t\t\t\t\t\t\t\t\t<\/a>\n\t\t\t\t\n\t\t\t\t\t\t\t\t\t<a rel=\"noopener noreferrer nofollow\" href=\"https:\/\/x.com\/share?url=https:\/\/www.isiyad.net\/isiyad-dernegimizin-5-olagan-genel-kurul-toplanti-duyurusuz\/\" target=\"_blank\" class=\" wd-social-icon social-twitter\" aria-label=\"X social link\">\n\t\t\t\t\t\t<span class=\"wd-icon\"><\/span>\n\t\t\t\t\t\t\t\t\t\t\t<\/a>\n\t\t\t\t\n\t\t\t\t\n\t\t\t\t\n\t\t\t\t\n\t\t\t\t\n\t\t\t\t\n\t\t\t\t\t\t\t\t\t<a rel=\"noopener noreferrer nofollow\" href=\"https:\/\/pinterest.com\/pin\/create\/button\/?url=https:\/\/www.isiyad.net\/isiyad-dernegimizin-5-olagan-genel-kurul-toplanti-duyurusuz\/&media=https:\/\/www.isiyad.net\/wp-content\/uploads\/2025\/12\/ISIYAD-Dernegimizin-5-Olagan-Genel-Kurul-Toplanti-DUYURUSUz-1.jpg&description=%C4%B0S%C4%B0YAD+Derne%C4%9Fimizin+5++Ola%C4%9Fan+Genel+Kurul+Toplant%C4%B1+DUYURUSUz\" target=\"_blank\" class=\" wd-social-icon social-pinterest\" aria-label=\"Pinterest social link\">\n\t\t\t\t\t\t<span class=\"wd-icon\"><\/span>\n\t\t\t\t\t\t\t\t\t\t\t<\/a>\n\t\t\t\t\n\t\t\t\t\n\t\t\t\t\t\t\t\t\t<a rel=\"noopener noreferrer nofollow\" href=\"https:\/\/www.linkedin.com\/shareArticle?mini=true&url=https:\/\/www.isiyad.net\/isiyad-dernegimizin-5-olagan-genel-kurul-toplanti-duyurusuz\/\" target=\"_blank\" class=\" wd-social-icon social-linkedin\" aria-label=\"Linkedin social link\">\n\t\t\t\t\t\t<span class=\"wd-icon\"><\/span>\n\t\t\t\t\t\t\t\t\t\t\t<\/a>\n\t\t\t\t\n\t\t\t\t\n\t\t\t\t\n\t\t\t\t\n\t\t\t\t\n\t\t\t\t\n\t\t\t\t\n\t\t\t\t\n\t\t\t\t\n\t\t\t\t\n\t\t\t\t\n\t\t\t\t\n\t\t\t\t\n\t\t\t\t\n\t\t\t\t\n\t\t\t\t\t\t\t\t\t<a rel=\"noopener noreferrer nofollow\" href=\"https:\/\/telegram.me\/share\/url?url=https:\/\/www.isiyad.net\/isiyad-dernegimizin-5-olagan-genel-kurul-toplanti-duyurusuz\/\" target=\"_blank\" class=\" wd-social-icon social-tg\" aria-label=\"Telegram social link\">\n\t\t\t\t\t\t<span class=\"wd-icon\"><\/span>\n\t\t\t\t\t\t\t\t\t\t\t<\/a>\n\t\t\t\t\n\t\t\t\t\n\t\t\t<\/div>\n\n\t\t\t\t\t\t\t\t\t\t<\/div>\n\t\t\t\t\t\t\t\t<div class=\"tooltip-arrow\"><\/div>\n\t\t\t\t\t\t\t<\/div>\n\t\t\t\t\t\t<\/div>\n\t\t\t\t\t\n\t\t\t\t\t\t\t\t\t\t\t\t\t\t<link rel=\"stylesheet\" id=\"wd-blog-mod-comments-button-css\" href=\"https:\/\/www.isiyad.net\/wp-content\/themes\/woodmart\/css\/parts\/blog-mod-comments-button.min.css?ver=8.2.7\" type=\"text\/css\" media=\"all\" \/> \t\t\t\t\t\t\t\t\t<div class=\"wd-post-reply wd-meta-reply wd-style-1\">\n\t\t\t\t\t\t\t<a href=\"https:\/\/www.isiyad.net\/isiyad-dernegimizin-5-olagan-genel-kurul-toplanti-duyurusuz\/#respond\"><span class=\"wd-replies-count\">0<\/span><\/a>\t\t\t\t\t\t<\/div>\n\t\t\t\t\t\t\t\t\t<\/div>\n\t\t\t<\/div>\n\t\t\t<\/div>\n\n\t<div class=\"wd-post-content\">\n\t\t<div class=\"wd-post-meta wd-post-entry-meta\">\n\t\t\t\n\t\t\t\t\t\t\t<div class=\"wd-post-cat wd-style-default\">\n\t\t\t\t\t<a href=\"https:\/\/www.isiyad.net\/category\/haber\/\" rel=\"category tag\">Haber<\/a>\t\t\t\t<\/div>\n\t\t\t\n\t\t\t\t\t<\/div>\n\n\t\t\t\t\t<h3 class=\"wd-post-title wd-entities-title title post-title\">\n\t\t\t\t<a href=\"https:\/\/www.isiyad.net\/isiyad-dernegimizin-5-olagan-genel-kurul-toplanti-duyurusuz\/\" rel=\"bookmark\">\n\t\t\t\t\t\u0130S\u0130YAD Derne\u011fimizin 5  Ola\u011fan Genel Kurul Toplant\u0131 DUYURUSUz\t\t\t\t<\/a>\n\t\t\t<\/h3>\n\t\t\n\t\t\t\t\t<div class=\"wd-post-excerpt\">\n\t\t\t\t\t\t\t\t\tDe\u011feli \u00dcyelerimiz \u0130S\u0130YAD Derne\u011fimizin 5 Ola\u011fan Genel Kurul Toplant\u0131 DUYURUSU\r\n\r\n\u0130S\u0130YAD Derne\u011fimizin 5 Ola\u011fan Genel Kurul Topl...\t\t\t\t\t\t\t<\/div>\n\t\t\n\t\t\t\t\t\t\t\t\t\t<div class=\"wd-post-read-more wd-style-link read-more-section\">\n\t\t\t\t\t\t<a class=\"\" href=\"https:\/\/www.isiyad.net\/isiyad-dernegimizin-5-olagan-genel-kurul-toplanti-duyurusuz\/\">Continue reading<\/a>\t\t\t\t\t<\/div>\n\t\t\t\t\t\t\t<\/div>\n\n\t\t\t<\/div>\n\t<\/article>\n\t\t\t\t\t\t\t\t\t\t\t\n<article id=\"post-34805\" class=\"wd-post blog-design-meta-image blog-post-loop blog-style-bg wd-col post-34805 post type-post status-publish format-standard has-post-thumbnail hentry category-haber\">\n\t\t\t<div class=\"wd-post-inner\">\n\t\n\t<div class=\"wd-post-thumb color-scheme-light\">\n\t\t\t\t\t<div class=\"wd-post-img\">\n\t\t\t\t<img width=\"678\" height=\"381\" src=\"https:\/\/www.isiyad.net\/wp-content\/uploads\/2025\/12\/0ff73337-7d27-4c14-9ce7-e6a29af768b5-678x381-1.jpg\" class=\"attachment-large size-large\" alt=\"\" decoding=\"async\" srcset=\"https:\/\/www.isiyad.net\/wp-content\/uploads\/2025\/12\/0ff73337-7d27-4c14-9ce7-e6a29af768b5-678x381-1.jpg 678w, https:\/\/www.isiyad.net\/wp-content\/uploads\/2025\/12\/0ff73337-7d27-4c14-9ce7-e6a29af768b5-678x381-1-300x169.jpg 300w, https:\/\/www.isiyad.net\/wp-content\/uploads\/2025\/12\/0ff73337-7d27-4c14-9ce7-e6a29af768b5-678x381-1-150x84.jpg 150w\" sizes=\"(max-width: 678px) 100vw, 678px\" \/>\t\t\t<\/div>\n\t\t\n\t\t\t\t<a class=\"wd-post-link wd-fill\" href=\"https:\/\/www.isiyad.net\/isiyad-istisare-toplantisi-istanbul-beylikduzu-hilton-garden\/\" rel=\"bookmark\" aria-label=\"Link on post \u0130S\u0130YAD i\u015fti\u015fare Toplant\u0131s\u0131 \u0130stanbul Beylikd\u00fcz\u00fc Hilton Garden &#8230;\"><\/a>\n\n\t\t\t\t\t<div class=\"wd-post-header\">\n\t\t\t\t\t\t\t\t<div class=\"wd-post-author wd-meta-author\">\n\t\t\t\t\t\t\t\n\t\t\t\t\t<img alt='author-avatar' src='https:\/\/secure.gravatar.com\/avatar\/31bd59d65f2d9f5390ae193d420275df27981ded3fc037b2504d8df2417ca825?s=22&#038;d=mm&#038;r=g' srcset='https:\/\/secure.gravatar.com\/avatar\/31bd59d65f2d9f5390ae193d420275df27981ded3fc037b2504d8df2417ca825?s=44&#038;d=mm&#038;r=g 2x' class='avatar avatar-22 photo' height='22' width='22' decoding='async'\/>\t\t\n\t\t\t\t\t<a href=\"https:\/\/www.isiyad.net\/author\/adminisi\/\" class=\"author\" rel=\"author\">adminisi<\/a>\n\t\t\t\t\t\t\t\t<\/div>\n\n\t\t\t\t<div class=\"wd-post-actions\">\n\t\t\t\t\t\t\t\t\t\t\t<div class=\"wd-post-share wd-tltp\">\n\t\t\t\t\t\t\t<div class=\"tooltip top\">\n\t\t\t\t\t\t\t\t<div class=\"tooltip-inner\">\n\t\t\t\t\t\t\t\t\t\t\t\t<div\n\t\t\t\t\t\tclass=\" wd-social-icons  wd-style-default wd-size-small social-share wd-shape-circle color-scheme-light text-center\">\n\t\t\t\t\n\t\t\t\t\n\t\t\t\t\t\t\t\t\t<a rel=\"noopener noreferrer nofollow\" href=\"https:\/\/www.facebook.com\/sharer\/sharer.php?u=https:\/\/www.isiyad.net\/isiyad-istisare-toplantisi-istanbul-beylikduzu-hilton-garden\/\" target=\"_blank\" class=\" wd-social-icon social-facebook\" aria-label=\"Facebook social link\">\n\t\t\t\t\t\t<span class=\"wd-icon\"><\/span>\n\t\t\t\t\t\t\t\t\t\t\t<\/a>\n\t\t\t\t\n\t\t\t\t\t\t\t\t\t<a rel=\"noopener noreferrer nofollow\" href=\"https:\/\/x.com\/share?url=https:\/\/www.isiyad.net\/isiyad-istisare-toplantisi-istanbul-beylikduzu-hilton-garden\/\" target=\"_blank\" class=\" wd-social-icon social-twitter\" aria-label=\"X social link\">\n\t\t\t\t\t\t<span class=\"wd-icon\"><\/span>\n\t\t\t\t\t\t\t\t\t\t\t<\/a>\n\t\t\t\t\n\t\t\t\t\n\t\t\t\t\n\t\t\t\t\n\t\t\t\t\n\t\t\t\t\n\t\t\t\t\t\t\t\t\t<a rel=\"noopener noreferrer nofollow\" href=\"https:\/\/pinterest.com\/pin\/create\/button\/?url=https:\/\/www.isiyad.net\/isiyad-istisare-toplantisi-istanbul-beylikduzu-hilton-garden\/&media=https:\/\/www.isiyad.net\/wp-content\/uploads\/2025\/12\/0ff73337-7d27-4c14-9ce7-e6a29af768b5-678x381-1.jpg&description=%C4%B0S%C4%B0YAD+i%C5%9Fti%C5%9Fare+Toplant%C4%B1s%C4%B1+%C4%B0stanbul+Beylikd%C3%BCz%C3%BC+Hilton+Garden+%26%238230%3B\" target=\"_blank\" class=\" wd-social-icon social-pinterest\" aria-label=\"Pinterest social link\">\n\t\t\t\t\t\t<span class=\"wd-icon\"><\/span>\n\t\t\t\t\t\t\t\t\t\t\t<\/a>\n\t\t\t\t\n\t\t\t\t\n\t\t\t\t\t\t\t\t\t<a rel=\"noopener noreferrer nofollow\" href=\"https:\/\/www.linkedin.com\/shareArticle?mini=true&url=https:\/\/www.isiyad.net\/isiyad-istisare-toplantisi-istanbul-beylikduzu-hilton-garden\/\" target=\"_blank\" class=\" wd-social-icon social-linkedin\" aria-label=\"Linkedin social link\">\n\t\t\t\t\t\t<span class=\"wd-icon\"><\/span>\n\t\t\t\t\t\t\t\t\t\t\t<\/a>\n\t\t\t\t\n\t\t\t\t\n\t\t\t\t\n\t\t\t\t\n\t\t\t\t\n\t\t\t\t\n\t\t\t\t\n\t\t\t\t\n\t\t\t\t\n\t\t\t\t\n\t\t\t\t\n\t\t\t\t\n\t\t\t\t\n\t\t\t\t\n\t\t\t\t\n\t\t\t\t\t\t\t\t\t<a rel=\"noopener noreferrer nofollow\" href=\"https:\/\/telegram.me\/share\/url?url=https:\/\/www.isiyad.net\/isiyad-istisare-toplantisi-istanbul-beylikduzu-hilton-garden\/\" target=\"_blank\" class=\" wd-social-icon social-tg\" aria-label=\"Telegram social link\">\n\t\t\t\t\t\t<span class=\"wd-icon\"><\/span>\n\t\t\t\t\t\t\t\t\t\t\t<\/a>\n\t\t\t\t\n\t\t\t\t\n\t\t\t<\/div>\n\n\t\t\t\t\t\t\t\t\t\t<\/div>\n\t\t\t\t\t\t\t\t<div class=\"tooltip-arrow\"><\/div>\n\t\t\t\t\t\t\t<\/div>\n\t\t\t\t\t\t<\/div>\n\t\t\t\t\t\n\t\t\t\t\t\t\t\t\t\t\t\t\t\t\t\t\t<div class=\"wd-post-reply wd-meta-reply wd-style-1\">\n\t\t\t\t\t\t\t<a href=\"https:\/\/www.isiyad.net\/isiyad-istisare-toplantisi-istanbul-beylikduzu-hilton-garden\/#respond\"><span class=\"wd-replies-count\">0<\/span><\/a>\t\t\t\t\t\t<\/div>\n\t\t\t\t\t\t\t\t\t<\/div>\n\t\t\t<\/div>\n\t\t\t<\/div>\n\n\t<div class=\"wd-post-content\">\n\t\t<div class=\"wd-post-meta wd-post-entry-meta\">\n\t\t\t\n\t\t\t\t\t\t\t<div class=\"wd-post-cat wd-style-default\">\n\t\t\t\t\t<a href=\"https:\/\/www.isiyad.net\/category\/haber\/\" rel=\"category tag\">Haber<\/a>\t\t\t\t<\/div>\n\t\t\t\n\t\t\t\t\t<\/div>\n\n\t\t\t\t\t<h3 class=\"wd-post-title wd-entities-title title post-title\">\n\t\t\t\t<a href=\"https:\/\/www.isiyad.net\/isiyad-istisare-toplantisi-istanbul-beylikduzu-hilton-garden\/\" rel=\"bookmark\">\n\t\t\t\t\t\u0130S\u0130YAD i\u015fti\u015fare Toplant\u0131s\u0131 \u0130stanbul Beylikd\u00fcz\u00fc Hilton Garden &#8230;\t\t\t\t<\/a>\n\t\t\t<\/h3>\n\t\t\n\t\t\t\t\t<div class=\"wd-post-excerpt\">\n\t\t\t\t\t\t\t\t\t\u0130S\u0130YAD i\u015fti\u015fare Toplant\u0131s\u0131 \u0130stanbul Beylikd\u00fcz\u00fc Hilton Garden in hotelde Yap\u0131ld\u0131\r\n\u0130S\u0130YAD i\u015fti\u015fare Toplant\u0131s\u0131 \u0130stanbul Beylikd\u00fc...\t\t\t\t\t\t\t<\/div>\n\t\t\n\t\t\t\t\t\t\t\t\t\t<div class=\"wd-post-read-more wd-style-link read-more-section\">\n\t\t\t\t\t\t<a class=\"\" href=\"https:\/\/www.isiyad.net\/isiyad-istisare-toplantisi-istanbul-beylikduzu-hilton-garden\/\">Continue reading<\/a>\t\t\t\t\t<\/div>\n\t\t\t\t\t\t\t<\/div>\n\n\t\t\t<\/div>\n\t<\/article>\n\t\t\t\t\t\t\t\t\t\t\t\n<article id=\"post-34806\" class=\"wd-post blog-design-meta-image blog-post-loop blog-style-bg wd-col post-34806 post type-post status-publish format-standard has-post-thumbnail hentry category-haber\">\n\t\t\t<div class=\"wd-post-inner\">\n\t\n\t<div class=\"wd-post-thumb color-scheme-light\">\n\t\t\t\t\t<div class=\"wd-post-img\">\n\t\t\t\t<img width=\"678\" height=\"381\" src=\"https:\/\/www.isiyad.net\/wp-content\/uploads\/2025\/12\/2025-12-18-Odul-17-678x381-1.jpg\" class=\"attachment-large size-large\" alt=\"\" decoding=\"async\" srcset=\"https:\/\/www.isiyad.net\/wp-content\/uploads\/2025\/12\/2025-12-18-Odul-17-678x381-1.jpg 678w, https:\/\/www.isiyad.net\/wp-content\/uploads\/2025\/12\/2025-12-18-Odul-17-678x381-1-300x169.jpg 300w, https:\/\/www.isiyad.net\/wp-content\/uploads\/2025\/12\/2025-12-18-Odul-17-678x381-1-150x84.jpg 150w\" sizes=\"(max-width: 678px) 100vw, 678px\" \/>\t\t\t<\/div>\n\t\t\n\t\t\t\t<a class=\"wd-post-link wd-fill\" href=\"https:\/\/www.isiyad.net\/cumhurbaskani-erdogan-cumhurbaskanligi-kultur-ve-sanat-buyuk\/\" rel=\"bookmark\" aria-label=\"Link on post Cumhurba\u015fkan\u0131 Erdo\u011fan, Cumhurba\u015fkanl\u0131\u011f\u0131 K\u00fclt\u00fcr ve &#8230;\"><\/a>\n\n\t\t\t\t\t<div class=\"wd-post-header\">\n\t\t\t\t\t\t\t\t<div class=\"wd-post-author wd-meta-author\">\n\t\t\t\t\t\t\t\n\t\t\t\t\t<img alt='author-avatar' src='https:\/\/secure.gravatar.com\/avatar\/31bd59d65f2d9f5390ae193d420275df27981ded3fc037b2504d8df2417ca825?s=22&#038;d=mm&#038;r=g' srcset='https:\/\/secure.gravatar.com\/avatar\/31bd59d65f2d9f5390ae193d420275df27981ded3fc037b2504d8df2417ca825?s=44&#038;d=mm&#038;r=g 2x' class='avatar avatar-22 photo' height='22' width='22' decoding='async'\/>\t\t\n\t\t\t\t\t<a href=\"https:\/\/www.isiyad.net\/author\/adminisi\/\" class=\"author\" rel=\"author\">adminisi<\/a>\n\t\t\t\t\t\t\t\t<\/div>\n\n\t\t\t\t<div class=\"wd-post-actions\">\n\t\t\t\t\t\t\t\t\t\t\t<div class=\"wd-post-share wd-tltp\">\n\t\t\t\t\t\t\t<div class=\"tooltip top\">\n\t\t\t\t\t\t\t\t<div class=\"tooltip-inner\">\n\t\t\t\t\t\t\t\t\t\t\t\t<div\n\t\t\t\t\t\tclass=\" wd-social-icons  wd-style-default wd-size-small social-share wd-shape-circle color-scheme-light text-center\">\n\t\t\t\t\n\t\t\t\t\n\t\t\t\t\t\t\t\t\t<a rel=\"noopener noreferrer nofollow\" href=\"https:\/\/www.facebook.com\/sharer\/sharer.php?u=https:\/\/www.isiyad.net\/cumhurbaskani-erdogan-cumhurbaskanligi-kultur-ve-sanat-buyuk\/\" target=\"_blank\" class=\" wd-social-icon social-facebook\" aria-label=\"Facebook social link\">\n\t\t\t\t\t\t<span class=\"wd-icon\"><\/span>\n\t\t\t\t\t\t\t\t\t\t\t<\/a>\n\t\t\t\t\n\t\t\t\t\t\t\t\t\t<a rel=\"noopener noreferrer nofollow\" href=\"https:\/\/x.com\/share?url=https:\/\/www.isiyad.net\/cumhurbaskani-erdogan-cumhurbaskanligi-kultur-ve-sanat-buyuk\/\" target=\"_blank\" class=\" wd-social-icon social-twitter\" aria-label=\"X social link\">\n\t\t\t\t\t\t<span class=\"wd-icon\"><\/span>\n\t\t\t\t\t\t\t\t\t\t\t<\/a>\n\t\t\t\t\n\t\t\t\t\n\t\t\t\t\n\t\t\t\t\n\t\t\t\t\n\t\t\t\t\n\t\t\t\t\t\t\t\t\t<a rel=\"noopener noreferrer nofollow\" href=\"https:\/\/pinterest.com\/pin\/create\/button\/?url=https:\/\/www.isiyad.net\/cumhurbaskani-erdogan-cumhurbaskanligi-kultur-ve-sanat-buyuk\/&media=https:\/\/www.isiyad.net\/wp-content\/uploads\/2025\/12\/2025-12-18-Odul-17-678x381-1.jpg&description=Cumhurba%C5%9Fkan%C4%B1+Erdo%C4%9Fan%2C+Cumhurba%C5%9Fkanl%C4%B1%C4%9F%C4%B1+K%C3%BClt%C3%BCr+ve+%26%238230%3B\" target=\"_blank\" class=\" wd-social-icon social-pinterest\" aria-label=\"Pinterest social link\">\n\t\t\t\t\t\t<span class=\"wd-icon\"><\/span>\n\t\t\t\t\t\t\t\t\t\t\t<\/a>\n\t\t\t\t\n\t\t\t\t\n\t\t\t\t\t\t\t\t\t<a rel=\"noopener noreferrer nofollow\" href=\"https:\/\/www.linkedin.com\/shareArticle?mini=true&url=https:\/\/www.isiyad.net\/cumhurbaskani-erdogan-cumhurbaskanligi-kultur-ve-sanat-buyuk\/\" target=\"_blank\" class=\" wd-social-icon social-linkedin\" aria-label=\"Linkedin social link\">\n\t\t\t\t\t\t<span class=\"wd-icon\"><\/span>\n\t\t\t\t\t\t\t\t\t\t\t<\/a>\n\t\t\t\t\n\t\t\t\t\n\t\t\t\t\n\t\t\t\t\n\t\t\t\t\n\t\t\t\t\n\t\t\t\t\n\t\t\t\t\n\t\t\t\t\n\t\t\t\t\n\t\t\t\t\n\t\t\t\t\n\t\t\t\t\n\t\t\t\t\n\t\t\t\t\n\t\t\t\t\t\t\t\t\t<a rel=\"noopener noreferrer nofollow\" href=\"https:\/\/telegram.me\/share\/url?url=https:\/\/www.isiyad.net\/cumhurbaskani-erdogan-cumhurbaskanligi-kultur-ve-sanat-buyuk\/\" target=\"_blank\" class=\" wd-social-icon social-tg\" aria-label=\"Telegram social link\">\n\t\t\t\t\t\t<span class=\"wd-icon\"><\/span>\n\t\t\t\t\t\t\t\t\t\t\t<\/a>\n\t\t\t\t\n\t\t\t\t\n\t\t\t<\/div>\n\n\t\t\t\t\t\t\t\t\t\t<\/div>\n\t\t\t\t\t\t\t\t<div class=\"tooltip-arrow\"><\/div>\n\t\t\t\t\t\t\t<\/div>\n\t\t\t\t\t\t<\/div>\n\t\t\t\t\t\n\t\t\t\t\t\t\t\t\t\t\t\t\t\t\t\t\t<div class=\"wd-post-reply wd-meta-reply wd-style-1\">\n\t\t\t\t\t\t\t<a href=\"https:\/\/www.isiyad.net\/cumhurbaskani-erdogan-cumhurbaskanligi-kultur-ve-sanat-buyuk\/#respond\"><span class=\"wd-replies-count\">0<\/span><\/a>\t\t\t\t\t\t<\/div>\n\t\t\t\t\t\t\t\t\t<\/div>\n\t\t\t<\/div>\n\t\t\t<\/div>\n\n\t<div class=\"wd-post-content\">\n\t\t<div class=\"wd-post-meta wd-post-entry-meta\">\n\t\t\t\n\t\t\t\t\t\t\t<div class=\"wd-post-cat wd-style-default\">\n\t\t\t\t\t<a href=\"https:\/\/www.isiyad.net\/category\/haber\/\" rel=\"category tag\">Haber<\/a>\t\t\t\t<\/div>\n\t\t\t\n\t\t\t\t\t<\/div>\n\n\t\t\t\t\t<h3 class=\"wd-post-title wd-entities-title title post-title\">\n\t\t\t\t<a href=\"https:\/\/www.isiyad.net\/cumhurbaskani-erdogan-cumhurbaskanligi-kultur-ve-sanat-buyuk\/\" rel=\"bookmark\">\n\t\t\t\t\tCumhurba\u015fkan\u0131 Erdo\u011fan, Cumhurba\u015fkanl\u0131\u011f\u0131 K\u00fclt\u00fcr ve &#8230;\t\t\t\t<\/a>\n\t\t\t<\/h3>\n\t\t\n\t\t\t\t\t<div class=\"wd-post-excerpt\">\n\t\t\t\t\t\t\t\t\tCumhurba\u015fkan\u0131 Erdo\u011fan, Cumhurba\u015fkanl\u0131\u011f\u0131 K\u00fclt\u00fcr ve Sanat B\u00fcy\u00fck \u00d6d\u00fclleri T\u00f6reni\u2019nde yapt\u0131\u011f\u0131 konu\u015fmada, \u201cMill\u00ee kimli\u011fi, mill\u00ee k\u00fc...\t\t\t\t\t\t\t<\/div>\n\t\t\n\t\t\t\t\t\t\t\t\t\t<div class=\"wd-post-read-more wd-style-link read-more-section\">\n\t\t\t\t\t\t<a class=\"\" href=\"https:\/\/www.isiyad.net\/cumhurbaskani-erdogan-cumhurbaskanligi-kultur-ve-sanat-buyuk\/\">Continue reading<\/a>\t\t\t\t\t<\/div>\n\t\t\t\t\t\t\t<\/div>\n\n\t\t\t<\/div>\n\t<\/article>\n\t\t\t\t\t\t\t\t\t\t\t\n<article id=\"post-34807\" class=\"wd-post blog-design-meta-image blog-post-loop blog-style-bg wd-col post-34807 post type-post status-publish format-standard has-post-thumbnail hentry category-haber\">\n\t\t\t<div class=\"wd-post-inner\">\n\t\n\t<div class=\"wd-post-thumb color-scheme-light\">\n\t\t\t\t\t<div class=\"wd-post-img\">\n\t\t\t\t<img width=\"678\" height=\"381\" src=\"https:\/\/www.isiyad.net\/wp-content\/uploads\/2025\/12\/f0596151-3d84-451e-b142-7a8d1ca56fde-678x381-1.jpg\" class=\"attachment-large size-large\" alt=\"\" decoding=\"async\" srcset=\"https:\/\/www.isiyad.net\/wp-content\/uploads\/2025\/12\/f0596151-3d84-451e-b142-7a8d1ca56fde-678x381-1.jpg 678w, https:\/\/www.isiyad.net\/wp-content\/uploads\/2025\/12\/f0596151-3d84-451e-b142-7a8d1ca56fde-678x381-1-300x169.jpg 300w, https:\/\/www.isiyad.net\/wp-content\/uploads\/2025\/12\/f0596151-3d84-451e-b142-7a8d1ca56fde-678x381-1-150x84.jpg 150w\" sizes=\"(max-width: 678px) 100vw, 678px\" \/>\t\t\t<\/div>\n\t\t\n\t\t\t\t<a class=\"wd-post-link wd-fill\" href=\"https:\/\/www.isiyad.net\/dernegimize-yeni-uye-olan-is-insanlarini-dernek-genel-merkezinde-agirladik\/\" rel=\"bookmark\" aria-label=\"Link on post DERNE\u011e\u0130M\u0130ZE YEN\u0130. \u00dcYE. OLAN \u0130\u015e. \u0130NSANLARINI&#8230;\"><\/a>\n\n\t\t\t\t\t<div class=\"wd-post-header\">\n\t\t\t\t\t\t\t\t<div class=\"wd-post-author wd-meta-author\">\n\t\t\t\t\t\t\t\n\t\t\t\t\t<img alt='author-avatar' src='https:\/\/secure.gravatar.com\/avatar\/31bd59d65f2d9f5390ae193d420275df27981ded3fc037b2504d8df2417ca825?s=22&#038;d=mm&#038;r=g' srcset='https:\/\/secure.gravatar.com\/avatar\/31bd59d65f2d9f5390ae193d420275df27981ded3fc037b2504d8df2417ca825?s=44&#038;d=mm&#038;r=g 2x' class='avatar avatar-22 photo' height='22' width='22' decoding='async'\/>\t\t\n\t\t\t\t\t<a href=\"https:\/\/www.isiyad.net\/author\/adminisi\/\" class=\"author\" rel=\"author\">adminisi<\/a>\n\t\t\t\t\t\t\t\t<\/div>\n\n\t\t\t\t<div class=\"wd-post-actions\">\n\t\t\t\t\t\t\t\t\t\t\t<div class=\"wd-post-share wd-tltp\">\n\t\t\t\t\t\t\t<div class=\"tooltip top\">\n\t\t\t\t\t\t\t\t<div class=\"tooltip-inner\">\n\t\t\t\t\t\t\t\t\t\t\t\t<div\n\t\t\t\t\t\tclass=\" wd-social-icons  wd-style-default wd-size-small social-share wd-shape-circle color-scheme-light text-center\">\n\t\t\t\t\n\t\t\t\t\n\t\t\t\t\t\t\t\t\t<a rel=\"noopener noreferrer nofollow\" href=\"https:\/\/www.facebook.com\/sharer\/sharer.php?u=https:\/\/www.isiyad.net\/dernegimize-yeni-uye-olan-is-insanlarini-dernek-genel-merkezinde-agirladik\/\" target=\"_blank\" class=\" wd-social-icon social-facebook\" aria-label=\"Facebook social link\">\n\t\t\t\t\t\t<span class=\"wd-icon\"><\/span>\n\t\t\t\t\t\t\t\t\t\t\t<\/a>\n\t\t\t\t\n\t\t\t\t\t\t\t\t\t<a rel=\"noopener noreferrer nofollow\" href=\"https:\/\/x.com\/share?url=https:\/\/www.isiyad.net\/dernegimize-yeni-uye-olan-is-insanlarini-dernek-genel-merkezinde-agirladik\/\" target=\"_blank\" class=\" wd-social-icon social-twitter\" aria-label=\"X social link\">\n\t\t\t\t\t\t<span class=\"wd-icon\"><\/span>\n\t\t\t\t\t\t\t\t\t\t\t<\/a>\n\t\t\t\t\n\t\t\t\t\n\t\t\t\t\n\t\t\t\t\n\t\t\t\t\n\t\t\t\t\n\t\t\t\t\t\t\t\t\t<a rel=\"noopener noreferrer nofollow\" href=\"https:\/\/pinterest.com\/pin\/create\/button\/?url=https:\/\/www.isiyad.net\/dernegimize-yeni-uye-olan-is-insanlarini-dernek-genel-merkezinde-agirladik\/&media=https:\/\/www.isiyad.net\/wp-content\/uploads\/2025\/12\/f0596151-3d84-451e-b142-7a8d1ca56fde-678x381-1.jpg&description=DERNE%C4%9E%C4%B0M%C4%B0ZE+YEN%C4%B0.+%C3%9CYE.+OLAN+%C4%B0%C5%9E.+%C4%B0NSANLARINI%26%238230%3B\" target=\"_blank\" class=\" wd-social-icon social-pinterest\" aria-label=\"Pinterest social link\">\n\t\t\t\t\t\t<span class=\"wd-icon\"><\/span>\n\t\t\t\t\t\t\t\t\t\t\t<\/a>\n\t\t\t\t\n\t\t\t\t\n\t\t\t\t\t\t\t\t\t<a rel=\"noopener noreferrer nofollow\" href=\"https:\/\/www.linkedin.com\/shareArticle?mini=true&url=https:\/\/www.isiyad.net\/dernegimize-yeni-uye-olan-is-insanlarini-dernek-genel-merkezinde-agirladik\/\" target=\"_blank\" class=\" wd-social-icon social-linkedin\" aria-label=\"Linkedin social link\">\n\t\t\t\t\t\t<span class=\"wd-icon\"><\/span>\n\t\t\t\t\t\t\t\t\t\t\t<\/a>\n\t\t\t\t\n\t\t\t\t\n\t\t\t\t\n\t\t\t\t\n\t\t\t\t\n\t\t\t\t\n\t\t\t\t\n\t\t\t\t\n\t\t\t\t\n\t\t\t\t\n\t\t\t\t\n\t\t\t\t\n\t\t\t\t\n\t\t\t\t\n\t\t\t\t\n\t\t\t\t\t\t\t\t\t<a rel=\"noopener noreferrer nofollow\" href=\"https:\/\/telegram.me\/share\/url?url=https:\/\/www.isiyad.net\/dernegimize-yeni-uye-olan-is-insanlarini-dernek-genel-merkezinde-agirladik\/\" target=\"_blank\" class=\" wd-social-icon social-tg\" aria-label=\"Telegram social link\">\n\t\t\t\t\t\t<span class=\"wd-icon\"><\/span>\n\t\t\t\t\t\t\t\t\t\t\t<\/a>\n\t\t\t\t\n\t\t\t\t\n\t\t\t<\/div>\n\n\t\t\t\t\t\t\t\t\t\t<\/div>\n\t\t\t\t\t\t\t\t<div class=\"tooltip-arrow\"><\/div>\n\t\t\t\t\t\t\t<\/div>\n\t\t\t\t\t\t<\/div>\n\t\t\t\t\t\n\t\t\t\t\t\t\t\t\t\t\t\t\t\t\t\t\t<div class=\"wd-post-reply wd-meta-reply wd-style-1\">\n\t\t\t\t\t\t\t<a href=\"https:\/\/www.isiyad.net\/dernegimize-yeni-uye-olan-is-insanlarini-dernek-genel-merkezinde-agirladik\/#respond\"><span class=\"wd-replies-count\">0<\/span><\/a>\t\t\t\t\t\t<\/div>\n\t\t\t\t\t\t\t\t\t<\/div>\n\t\t\t<\/div>\n\t\t\t<\/div>\n\n\t<div class=\"wd-post-content\">\n\t\t<div class=\"wd-post-meta wd-post-entry-meta\">\n\t\t\t\n\t\t\t\t\t\t\t<div class=\"wd-post-cat wd-style-default\">\n\t\t\t\t\t<a href=\"https:\/\/www.isiyad.net\/category\/haber\/\" rel=\"category tag\">Haber<\/a>\t\t\t\t<\/div>\n\t\t\t\n\t\t\t\t\t<\/div>\n\n\t\t\t\t\t<h3 class=\"wd-post-title wd-entities-title title post-title\">\n\t\t\t\t<a href=\"https:\/\/www.isiyad.net\/dernegimize-yeni-uye-olan-is-insanlarini-dernek-genel-merkezinde-agirladik\/\" rel=\"bookmark\">\n\t\t\t\t\tDERNE\u011e\u0130M\u0130ZE YEN\u0130. \u00dcYE. OLAN \u0130\u015e. \u0130NSANLARINI&#8230;\t\t\t\t<\/a>\n\t\t\t<\/h3>\n\t\t\n\t\t\t\t\t<div class=\"wd-post-excerpt\">\n\t\t\t\t\t\t\t\t\tDERNE\u011e\u0130M\u0130ZE YEN\u0130. \u00dcYE. OLAN \u0130\u015e. \u0130NSANLARINI. DERNEK GENEL MERKEZ\u0130NDE A\u011eIRLADIK.\r\nDERNE\u011e\u0130M\u0130ZE YEN\u0130. \u00dcYE. OLAN. \u00dcYELERE S\u0130YAD G...\t\t\t\t\t\t\t<\/div>\n\t\t\n\t\t\t\t\t\t\t\t\t\t<div class=\"wd-post-read-more wd-style-link read-more-section\">\n\t\t\t\t\t\t<a class=\"\" href=\"https:\/\/www.isiyad.net\/dernegimize-yeni-uye-olan-is-insanlarini-dernek-genel-merkezinde-agirladik\/\">Continue reading<\/a>\t\t\t\t\t<\/div>\n\t\t\t\t\t\t\t<\/div>\n\n\t\t\t<\/div>\n\t<\/article>\n\t\t\t\t\t\t\t\t\t\t\t\n<article id=\"post-34808\" class=\"wd-post blog-design-meta-image blog-post-loop blog-style-bg wd-col post-34808 post type-post status-publish format-standard has-post-thumbnail hentry category-haber\">\n\t\t\t<div class=\"wd-post-inner\">\n\t\n\t<div class=\"wd-post-thumb color-scheme-light\">\n\t\t\t\t\t<div class=\"wd-post-img\">\n\t\t\t\t<img width=\"678\" height=\"381\" src=\"https:\/\/www.isiyad.net\/wp-content\/uploads\/2025\/12\/Business-World-Platform-ve-ISIYAD-ile-Nova-Healthcare-bunyesindeki-Hastane-Grubu.jpg\" class=\"attachment-large size-large\" alt=\"\" decoding=\"async\" srcset=\"https:\/\/www.isiyad.net\/wp-content\/uploads\/2025\/12\/Business-World-Platform-ve-ISIYAD-ile-Nova-Healthcare-bunyesindeki-Hastane-Grubu.jpg 678w, https:\/\/www.isiyad.net\/wp-content\/uploads\/2025\/12\/Business-World-Platform-ve-ISIYAD-ile-Nova-Healthcare-bunyesindeki-Hastane-Grubu-300x169.jpg 300w, https:\/\/www.isiyad.net\/wp-content\/uploads\/2025\/12\/Business-World-Platform-ve-ISIYAD-ile-Nova-Healthcare-bunyesindeki-Hastane-Grubu-150x84.jpg 150w\" sizes=\"(max-width: 678px) 100vw, 678px\" \/>\t\t\t<\/div>\n\t\t\n\t\t\t\t<a class=\"wd-post-link wd-fill\" href=\"https:\/\/www.isiyad.net\/business-world-platform-ve-isiyad-ile-nova-healthcare-bunyesindeki-hastane-grubu\/\" rel=\"bookmark\" aria-label=\"Link on post Business World Platform ve \u0130S\u0130YAD ile Nova Healthcare &#8230;\"><\/a>\n\n\t\t\t\t\t<div class=\"wd-post-header\">\n\t\t\t\t\t\t\t\t<div class=\"wd-post-author wd-meta-author\">\n\t\t\t\t\t\t\t\n\t\t\t\t\t<img alt='author-avatar' src='https:\/\/secure.gravatar.com\/avatar\/31bd59d65f2d9f5390ae193d420275df27981ded3fc037b2504d8df2417ca825?s=22&#038;d=mm&#038;r=g' srcset='https:\/\/secure.gravatar.com\/avatar\/31bd59d65f2d9f5390ae193d420275df27981ded3fc037b2504d8df2417ca825?s=44&#038;d=mm&#038;r=g 2x' class='avatar avatar-22 photo' height='22' width='22' decoding='async'\/>\t\t\n\t\t\t\t\t<a href=\"https:\/\/www.isiyad.net\/author\/adminisi\/\" class=\"author\" rel=\"author\">adminisi<\/a>\n\t\t\t\t\t\t\t\t<\/div>\n\n\t\t\t\t<div class=\"wd-post-actions\">\n\t\t\t\t\t\t\t\t\t\t\t<div class=\"wd-post-share wd-tltp\">\n\t\t\t\t\t\t\t<div class=\"tooltip top\">\n\t\t\t\t\t\t\t\t<div class=\"tooltip-inner\">\n\t\t\t\t\t\t\t\t\t\t\t\t<div\n\t\t\t\t\t\tclass=\" wd-social-icons  wd-style-default wd-size-small social-share wd-shape-circle color-scheme-light text-center\">\n\t\t\t\t\n\t\t\t\t\n\t\t\t\t\t\t\t\t\t<a rel=\"noopener noreferrer nofollow\" href=\"https:\/\/www.facebook.com\/sharer\/sharer.php?u=https:\/\/www.isiyad.net\/business-world-platform-ve-isiyad-ile-nova-healthcare-bunyesindeki-hastane-grubu\/\" target=\"_blank\" class=\" wd-social-icon social-facebook\" aria-label=\"Facebook social link\">\n\t\t\t\t\t\t<span class=\"wd-icon\"><\/span>\n\t\t\t\t\t\t\t\t\t\t\t<\/a>\n\t\t\t\t\n\t\t\t\t\t\t\t\t\t<a rel=\"noopener noreferrer nofollow\" href=\"https:\/\/x.com\/share?url=https:\/\/www.isiyad.net\/business-world-platform-ve-isiyad-ile-nova-healthcare-bunyesindeki-hastane-grubu\/\" target=\"_blank\" class=\" wd-social-icon social-twitter\" aria-label=\"X social link\">\n\t\t\t\t\t\t<span class=\"wd-icon\"><\/span>\n\t\t\t\t\t\t\t\t\t\t\t<\/a>\n\t\t\t\t\n\t\t\t\t\n\t\t\t\t\n\t\t\t\t\n\t\t\t\t\n\t\t\t\t\n\t\t\t\t\t\t\t\t\t<a rel=\"noopener noreferrer nofollow\" href=\"https:\/\/pinterest.com\/pin\/create\/button\/?url=https:\/\/www.isiyad.net\/business-world-platform-ve-isiyad-ile-nova-healthcare-bunyesindeki-hastane-grubu\/&media=https:\/\/www.isiyad.net\/wp-content\/uploads\/2025\/12\/Business-World-Platform-ve-ISIYAD-ile-Nova-Healthcare-bunyesindeki-Hastane-Grubu.jpg&description=Business+World+Platform+ve+%C4%B0S%C4%B0YAD+ile+Nova+Healthcare+%26%238230%3B\" target=\"_blank\" class=\" wd-social-icon social-pinterest\" aria-label=\"Pinterest social link\">\n\t\t\t\t\t\t<span class=\"wd-icon\"><\/span>\n\t\t\t\t\t\t\t\t\t\t\t<\/a>\n\t\t\t\t\n\t\t\t\t\n\t\t\t\t\t\t\t\t\t<a rel=\"noopener noreferrer nofollow\" href=\"https:\/\/www.linkedin.com\/shareArticle?mini=true&url=https:\/\/www.isiyad.net\/business-world-platform-ve-isiyad-ile-nova-healthcare-bunyesindeki-hastane-grubu\/\" target=\"_blank\" class=\" wd-social-icon social-linkedin\" aria-label=\"Linkedin social link\">\n\t\t\t\t\t\t<span class=\"wd-icon\"><\/span>\n\t\t\t\t\t\t\t\t\t\t\t<\/a>\n\t\t\t\t\n\t\t\t\t\n\t\t\t\t\n\t\t\t\t\n\t\t\t\t\n\t\t\t\t\n\t\t\t\t\n\t\t\t\t\n\t\t\t\t\n\t\t\t\t\n\t\t\t\t\n\t\t\t\t\n\t\t\t\t\n\t\t\t\t\n\t\t\t\t\n\t\t\t\t\t\t\t\t\t<a rel=\"noopener noreferrer nofollow\" href=\"https:\/\/telegram.me\/share\/url?url=https:\/\/www.isiyad.net\/business-world-platform-ve-isiyad-ile-nova-healthcare-bunyesindeki-hastane-grubu\/\" target=\"_blank\" class=\" wd-social-icon social-tg\" aria-label=\"Telegram social link\">\n\t\t\t\t\t\t<span class=\"wd-icon\"><\/span>\n\t\t\t\t\t\t\t\t\t\t\t<\/a>\n\t\t\t\t\n\t\t\t\t\n\t\t\t<\/div>\n\n\t\t\t\t\t\t\t\t\t\t<\/div>\n\t\t\t\t\t\t\t\t<div class=\"tooltip-arrow\"><\/div>\n\t\t\t\t\t\t\t<\/div>\n\t\t\t\t\t\t<\/div>\n\t\t\t\t\t\n\t\t\t\t\t\t\t\t\t\t\t\t\t\t\t\t\t<div class=\"wd-post-reply wd-meta-reply wd-style-1\">\n\t\t\t\t\t\t\t<a href=\"https:\/\/www.isiyad.net\/business-world-platform-ve-isiyad-ile-nova-healthcare-bunyesindeki-hastane-grubu\/#respond\"><span class=\"wd-replies-count\">0<\/span><\/a>\t\t\t\t\t\t<\/div>\n\t\t\t\t\t\t\t\t\t<\/div>\n\t\t\t<\/div>\n\t\t\t<\/div>\n\n\t<div class=\"wd-post-content\">\n\t\t<div class=\"wd-post-meta wd-post-entry-meta\">\n\t\t\t\n\t\t\t\t\t\t\t<div class=\"wd-post-cat wd-style-default\">\n\t\t\t\t\t<a href=\"https:\/\/www.isiyad.net\/category\/haber\/\" rel=\"category tag\">Haber<\/a>\t\t\t\t<\/div>\n\t\t\t\n\t\t\t\t\t<\/div>\n\n\t\t\t\t\t<h3 class=\"wd-post-title wd-entities-title title post-title\">\n\t\t\t\t<a href=\"https:\/\/www.isiyad.net\/business-world-platform-ve-isiyad-ile-nova-healthcare-bunyesindeki-hastane-grubu\/\" rel=\"bookmark\">\n\t\t\t\t\tBusiness World Platform ve \u0130S\u0130YAD ile Nova Healthcare &#8230;\t\t\t\t<\/a>\n\t\t\t<\/h3>\n\t\t\n\t\t\t\t\t<div class=\"wd-post-excerpt\">\n\t\t\t\t\t\t\t\t\tKarde\u015f Derne\u011fimiz olan \u0130\u015f D\u00fcnyas\u0131 Platformu ve \u0130S\u0130YAD ile Birlikte Nova Sa\u011fl\u0131k b\u00fcnyesinde olan hastene gurubu ile.\u00dcyelerimiz ...\t\t\t\t\t\t\t<\/div>\n\t\t\n\t\t\t\t\t\t\t\t\t\t<div class=\"wd-post-read-more wd-style-link read-more-section\">\n\t\t\t\t\t\t<a class=\"\" href=\"https:\/\/www.isiyad.net\/business-world-platform-ve-isiyad-ile-nova-healthcare-bunyesindeki-hastane-grubu\/\">Continue reading<\/a>\t\t\t\t\t<\/div>\n\t\t\t\t\t\t\t<\/div>\n\n\t\t\t<\/div>\n\t<\/article>\n\t\t\t\t\t\t\t\t\t\t\t\n<article id=\"post-34809\" class=\"wd-post blog-design-meta-image blog-post-loop blog-style-bg wd-col post-34809 post type-post status-publish format-standard has-post-thumbnail hentry category-haber\">\n\t\t\t<div class=\"wd-post-inner\">\n\t\n\t<div class=\"wd-post-thumb color-scheme-light\">\n\t\t\t\t\t<div class=\"wd-post-img\">\n\t\t\t\t<img width=\"678\" height=\"381\" src=\"https:\/\/www.isiyad.net\/wp-content\/uploads\/2025\/12\/2025-12-05-KadinZirvesi-21-678x381-1.jpg\" class=\"attachment-large size-large\" alt=\"\" decoding=\"async\" srcset=\"https:\/\/www.isiyad.net\/wp-content\/uploads\/2025\/12\/2025-12-05-KadinZirvesi-21-678x381-1.jpg 678w, https:\/\/www.isiyad.net\/wp-content\/uploads\/2025\/12\/2025-12-05-KadinZirvesi-21-678x381-1-300x169.jpg 300w, https:\/\/www.isiyad.net\/wp-content\/uploads\/2025\/12\/2025-12-05-KadinZirvesi-21-678x381-1-150x84.jpg 150w\" sizes=\"(max-width: 678px) 100vw, 678px\" \/>\t\t\t<\/div>\n\t\t\n\t\t\t\t<a class=\"wd-post-link wd-fill\" href=\"https:\/\/www.isiyad.net\/ideal-ve-adil-bir-toplumsal-hayat-ancak-kadinlarin-soz-ve-hak-sahibi-olmalariyla-mumkundur\/\" rel=\"bookmark\" aria-label=\"Link on post \u0130deal ve adil bir toplumsal hayat ancak kad\u0131nlar\u0131n s\u00f6z ve&#8230;\"><\/a>\n\n\t\t\t\t\t<div class=\"wd-post-header\">\n\t\t\t\t\t\t\t\t<div class=\"wd-post-author wd-meta-author\">\n\t\t\t\t\t\t\t\n\t\t\t\t\t<img alt='author-avatar' src='https:\/\/secure.gravatar.com\/avatar\/31bd59d65f2d9f5390ae193d420275df27981ded3fc037b2504d8df2417ca825?s=22&#038;d=mm&#038;r=g' srcset='https:\/\/secure.gravatar.com\/avatar\/31bd59d65f2d9f5390ae193d420275df27981ded3fc037b2504d8df2417ca825?s=44&#038;d=mm&#038;r=g 2x' class='avatar avatar-22 photo' height='22' width='22' decoding='async'\/>\t\t\n\t\t\t\t\t<a href=\"https:\/\/www.isiyad.net\/author\/adminisi\/\" class=\"author\" rel=\"author\">adminisi<\/a>\n\t\t\t\t\t\t\t\t<\/div>\n\n\t\t\t\t<div class=\"wd-post-actions\">\n\t\t\t\t\t\t\t\t\t\t\t<div class=\"wd-post-share wd-tltp\">\n\t\t\t\t\t\t\t<div class=\"tooltip top\">\n\t\t\t\t\t\t\t\t<div class=\"tooltip-inner\">\n\t\t\t\t\t\t\t\t\t\t\t\t<div\n\t\t\t\t\t\tclass=\" wd-social-icons  wd-style-default wd-size-small social-share wd-shape-circle color-scheme-light text-center\">\n\t\t\t\t\n\t\t\t\t\n\t\t\t\t\t\t\t\t\t<a rel=\"noopener noreferrer nofollow\" href=\"https:\/\/www.facebook.com\/sharer\/sharer.php?u=https:\/\/www.isiyad.net\/ideal-ve-adil-bir-toplumsal-hayat-ancak-kadinlarin-soz-ve-hak-sahibi-olmalariyla-mumkundur\/\" target=\"_blank\" class=\" wd-social-icon social-facebook\" aria-label=\"Facebook social link\">\n\t\t\t\t\t\t<span class=\"wd-icon\"><\/span>\n\t\t\t\t\t\t\t\t\t\t\t<\/a>\n\t\t\t\t\n\t\t\t\t\t\t\t\t\t<a rel=\"noopener noreferrer nofollow\" href=\"https:\/\/x.com\/share?url=https:\/\/www.isiyad.net\/ideal-ve-adil-bir-toplumsal-hayat-ancak-kadinlarin-soz-ve-hak-sahibi-olmalariyla-mumkundur\/\" target=\"_blank\" class=\" wd-social-icon social-twitter\" aria-label=\"X social link\">\n\t\t\t\t\t\t<span class=\"wd-icon\"><\/span>\n\t\t\t\t\t\t\t\t\t\t\t<\/a>\n\t\t\t\t\n\t\t\t\t\n\t\t\t\t\n\t\t\t\t\n\t\t\t\t\n\t\t\t\t\n\t\t\t\t\t\t\t\t\t<a rel=\"noopener noreferrer nofollow\" href=\"https:\/\/pinterest.com\/pin\/create\/button\/?url=https:\/\/www.isiyad.net\/ideal-ve-adil-bir-toplumsal-hayat-ancak-kadinlarin-soz-ve-hak-sahibi-olmalariyla-mumkundur\/&media=https:\/\/www.isiyad.net\/wp-content\/uploads\/2025\/12\/2025-12-05-KadinZirvesi-21-678x381-1.jpg&description=%C4%B0deal+ve+adil+bir+toplumsal+hayat+ancak+kad%C4%B1nlar%C4%B1n+s%C3%B6z+ve%26%238230%3B\" target=\"_blank\" class=\" wd-social-icon social-pinterest\" aria-label=\"Pinterest social link\">\n\t\t\t\t\t\t<span class=\"wd-icon\"><\/span>\n\t\t\t\t\t\t\t\t\t\t\t<\/a>\n\t\t\t\t\n\t\t\t\t\n\t\t\t\t\t\t\t\t\t<a rel=\"noopener noreferrer nofollow\" href=\"https:\/\/www.linkedin.com\/shareArticle?mini=true&url=https:\/\/www.isiyad.net\/ideal-ve-adil-bir-toplumsal-hayat-ancak-kadinlarin-soz-ve-hak-sahibi-olmalariyla-mumkundur\/\" target=\"_blank\" class=\" wd-social-icon social-linkedin\" aria-label=\"Linkedin social link\">\n\t\t\t\t\t\t<span class=\"wd-icon\"><\/span>\n\t\t\t\t\t\t\t\t\t\t\t<\/a>\n\t\t\t\t\n\t\t\t\t\n\t\t\t\t\n\t\t\t\t\n\t\t\t\t\n\t\t\t\t\n\t\t\t\t\n\t\t\t\t\n\t\t\t\t\n\t\t\t\t\n\t\t\t\t\n\t\t\t\t\n\t\t\t\t\n\t\t\t\t\n\t\t\t\t\n\t\t\t\t\t\t\t\t\t<a rel=\"noopener noreferrer nofollow\" href=\"https:\/\/telegram.me\/share\/url?url=https:\/\/www.isiyad.net\/ideal-ve-adil-bir-toplumsal-hayat-ancak-kadinlarin-soz-ve-hak-sahibi-olmalariyla-mumkundur\/\" target=\"_blank\" class=\" wd-social-icon social-tg\" aria-label=\"Telegram social link\">\n\t\t\t\t\t\t<span class=\"wd-icon\"><\/span>\n\t\t\t\t\t\t\t\t\t\t\t<\/a>\n\t\t\t\t\n\t\t\t\t\n\t\t\t<\/div>\n\n\t\t\t\t\t\t\t\t\t\t<\/div>\n\t\t\t\t\t\t\t\t<div class=\"tooltip-arrow\"><\/div>\n\t\t\t\t\t\t\t<\/div>\n\t\t\t\t\t\t<\/div>\n\t\t\t\t\t\n\t\t\t\t\t\t\t\t\t\t\t\t\t\t\t\t\t<div class=\"wd-post-reply wd-meta-reply wd-style-1\">\n\t\t\t\t\t\t\t<a href=\"https:\/\/www.isiyad.net\/ideal-ve-adil-bir-toplumsal-hayat-ancak-kadinlarin-soz-ve-hak-sahibi-olmalariyla-mumkundur\/#respond\"><span class=\"wd-replies-count\">0<\/span><\/a>\t\t\t\t\t\t<\/div>\n\t\t\t\t\t\t\t\t\t<\/div>\n\t\t\t<\/div>\n\t\t\t<\/div>\n\n\t<div class=\"wd-post-content\">\n\t\t<div class=\"wd-post-meta wd-post-entry-meta\">\n\t\t\t\n\t\t\t\t\t\t\t<div class=\"wd-post-cat wd-style-default\">\n\t\t\t\t\t<a href=\"https:\/\/www.isiyad.net\/category\/haber\/\" rel=\"category tag\">Haber<\/a>\t\t\t\t<\/div>\n\t\t\t\n\t\t\t\t\t<\/div>\n\n\t\t\t\t\t<h3 class=\"wd-post-title wd-entities-title title post-title\">\n\t\t\t\t<a href=\"https:\/\/www.isiyad.net\/ideal-ve-adil-bir-toplumsal-hayat-ancak-kadinlarin-soz-ve-hak-sahibi-olmalariyla-mumkundur\/\" rel=\"bookmark\">\n\t\t\t\t\t\u0130deal ve adil bir toplumsal hayat ancak kad\u0131nlar\u0131n s\u00f6z ve&#8230;\t\t\t\t<\/a>\n\t\t\t<\/h3>\n\t\t\n\t\t\t\t\t<div class=\"wd-post-excerpt\">\n\t\t\t\t\t\t\t\t\tCumhurba\u015fkan\u0131 Erdo\u011fan, Uluslararas\u0131 Yerel Y\u00f6netimlerde Kad\u0131n Zirvesi\u2019nde yapt\u0131\u011f\u0131 konu\u015fmada, \u201c\u0130deal ve adil bir toplumsal haya...\t\t\t\t\t\t\t<\/div>\n\t\t\n\t\t\t\t\t\t\t\t\t\t<div class=\"wd-post-read-more wd-style-link read-more-section\">\n\t\t\t\t\t\t<a class=\"\" href=\"https:\/\/www.isiyad.net\/ideal-ve-adil-bir-toplumsal-hayat-ancak-kadinlarin-soz-ve-hak-sahibi-olmalariyla-mumkundur\/\">Continue reading<\/a>\t\t\t\t\t<\/div>\n\t\t\t\t\t\t\t<\/div>\n\n\t\t\t<\/div>\n\t<\/article>\n\t\t\t\t\t\t\t\t\t\t\t\n<article id=\"post-34759\" class=\"wd-post blog-design-meta-image blog-post-loop blog-style-bg wd-col post-34759 post type-post status-publish format-standard has-post-thumbnail hentry category-haber\">\n\t\t\t<div class=\"wd-post-inner\">\n\t\n\t<div class=\"wd-post-thumb color-scheme-light\">\n\t\t\t\t\t<div class=\"wd-post-img\">\n\t\t\t\t<img width=\"678\" height=\"381\" src=\"https:\/\/www.isiyad.net\/wp-content\/uploads\/2025\/12\/Murat-KILINCin-avukatligi-27.12.2025-tarihinde-Istanbul-Barosunda-yapildi.jpg\" class=\"attachment-large size-large\" alt=\"\" decoding=\"async\" srcset=\"https:\/\/www.isiyad.net\/wp-content\/uploads\/2025\/12\/Murat-KILINCin-avukatligi-27.12.2025-tarihinde-Istanbul-Barosunda-yapildi.jpg 678w, https:\/\/www.isiyad.net\/wp-content\/uploads\/2025\/12\/Murat-KILINCin-avukatligi-27.12.2025-tarihinde-Istanbul-Barosunda-yapildi-300x169.jpg 300w, https:\/\/www.isiyad.net\/wp-content\/uploads\/2025\/12\/Murat-KILINCin-avukatligi-27.12.2025-tarihinde-Istanbul-Barosunda-yapildi-150x84.jpg 150w\" sizes=\"(max-width: 678px) 100vw, 678px\" \/>\t\t\t<\/div>\n\t\t\n\t\t\t\t<a class=\"wd-post-link wd-fill\" href=\"https:\/\/www.isiyad.net\/murat-kilincin-avukatligi-27-12-2025-tarihinde-istanbul-barosunda-yapildi\/\" rel=\"bookmark\" aria-label=\"Link on post Murat KILIN\u00c7&#8217;\u0131n avukatl\u0131\u011f\u0131 27.12.2025 tarihinde \u0130stanbul Barosu&#8217;nda yap\u0131ld\u0131.\"><\/a>\n\n\t\t\t\t\t<div class=\"wd-post-header\">\n\t\t\t\t\t\t\t\t<div class=\"wd-post-author wd-meta-author\">\n\t\t\t\t\t\t\t\n\t\t\t\t\t<img alt='author-avatar' src='https:\/\/secure.gravatar.com\/avatar\/31bd59d65f2d9f5390ae193d420275df27981ded3fc037b2504d8df2417ca825?s=22&#038;d=mm&#038;r=g' srcset='https:\/\/secure.gravatar.com\/avatar\/31bd59d65f2d9f5390ae193d420275df27981ded3fc037b2504d8df2417ca825?s=44&#038;d=mm&#038;r=g 2x' class='avatar avatar-22 photo' height='22' width='22' decoding='async'\/>\t\t\n\t\t\t\t\t<a href=\"https:\/\/www.isiyad.net\/author\/adminisi\/\" class=\"author\" rel=\"author\">adminisi<\/a>\n\t\t\t\t\t\t\t\t<\/div>\n\n\t\t\t\t<div class=\"wd-post-actions\">\n\t\t\t\t\t\t\t\t\t\t\t<div class=\"wd-post-share wd-tltp\">\n\t\t\t\t\t\t\t<div class=\"tooltip top\">\n\t\t\t\t\t\t\t\t<div class=\"tooltip-inner\">\n\t\t\t\t\t\t\t\t\t\t\t\t<div\n\t\t\t\t\t\tclass=\" wd-social-icons  wd-style-default wd-size-small social-share wd-shape-circle color-scheme-light text-center\">\n\t\t\t\t\n\t\t\t\t\n\t\t\t\t\t\t\t\t\t<a rel=\"noopener noreferrer nofollow\" href=\"https:\/\/www.facebook.com\/sharer\/sharer.php?u=https:\/\/www.isiyad.net\/murat-kilincin-avukatligi-27-12-2025-tarihinde-istanbul-barosunda-yapildi\/\" target=\"_blank\" class=\" wd-social-icon social-facebook\" aria-label=\"Facebook social link\">\n\t\t\t\t\t\t<span class=\"wd-icon\"><\/span>\n\t\t\t\t\t\t\t\t\t\t\t<\/a>\n\t\t\t\t\n\t\t\t\t\t\t\t\t\t<a rel=\"noopener noreferrer nofollow\" href=\"https:\/\/x.com\/share?url=https:\/\/www.isiyad.net\/murat-kilincin-avukatligi-27-12-2025-tarihinde-istanbul-barosunda-yapildi\/\" target=\"_blank\" class=\" wd-social-icon social-twitter\" aria-label=\"X social link\">\n\t\t\t\t\t\t<span class=\"wd-icon\"><\/span>\n\t\t\t\t\t\t\t\t\t\t\t<\/a>\n\t\t\t\t\n\t\t\t\t\n\t\t\t\t\n\t\t\t\t\n\t\t\t\t\n\t\t\t\t\n\t\t\t\t\t\t\t\t\t<a rel=\"noopener noreferrer nofollow\" href=\"https:\/\/pinterest.com\/pin\/create\/button\/?url=https:\/\/www.isiyad.net\/murat-kilincin-avukatligi-27-12-2025-tarihinde-istanbul-barosunda-yapildi\/&media=https:\/\/www.isiyad.net\/wp-content\/uploads\/2025\/12\/Murat-KILINCin-avukatligi-27.12.2025-tarihinde-Istanbul-Barosunda-yapildi.jpg&description=Murat+KILIN%C3%87%26%238217%3B%C4%B1n+avukatl%C4%B1%C4%9F%C4%B1+27.12.2025+tarihinde+%C4%B0stanbul+Barosu%26%238217%3Bnda+yap%C4%B1ld%C4%B1.\" target=\"_blank\" class=\" wd-social-icon social-pinterest\" aria-label=\"Pinterest social link\">\n\t\t\t\t\t\t<span class=\"wd-icon\"><\/span>\n\t\t\t\t\t\t\t\t\t\t\t<\/a>\n\t\t\t\t\n\t\t\t\t\n\t\t\t\t\t\t\t\t\t<a rel=\"noopener noreferrer nofollow\" href=\"https:\/\/www.linkedin.com\/shareArticle?mini=true&url=https:\/\/www.isiyad.net\/murat-kilincin-avukatligi-27-12-2025-tarihinde-istanbul-barosunda-yapildi\/\" target=\"_blank\" class=\" wd-social-icon social-linkedin\" aria-label=\"Linkedin social link\">\n\t\t\t\t\t\t<span class=\"wd-icon\"><\/span>\n\t\t\t\t\t\t\t\t\t\t\t<\/a>\n\t\t\t\t\n\t\t\t\t\n\t\t\t\t\n\t\t\t\t\n\t\t\t\t\n\t\t\t\t\n\t\t\t\t\n\t\t\t\t\n\t\t\t\t\n\t\t\t\t\n\t\t\t\t\n\t\t\t\t\n\t\t\t\t\n\t\t\t\t\n\t\t\t\t\n\t\t\t\t\t\t\t\t\t<a rel=\"noopener noreferrer nofollow\" href=\"https:\/\/telegram.me\/share\/url?url=https:\/\/www.isiyad.net\/murat-kilincin-avukatligi-27-12-2025-tarihinde-istanbul-barosunda-yapildi\/\" target=\"_blank\" class=\" wd-social-icon social-tg\" aria-label=\"Telegram social link\">\n\t\t\t\t\t\t<span class=\"wd-icon\"><\/span>\n\t\t\t\t\t\t\t\t\t\t\t<\/a>\n\t\t\t\t\n\t\t\t\t\n\t\t\t<\/div>\n\n\t\t\t\t\t\t\t\t\t\t<\/div>\n\t\t\t\t\t\t\t\t<div class=\"tooltip-arrow\"><\/div>\n\t\t\t\t\t\t\t<\/div>\n\t\t\t\t\t\t<\/div>\n\t\t\t\t\t\n\t\t\t\t\t\t\t\t\t\t\t\t\t\t\t\t\t<div class=\"wd-post-reply wd-meta-reply wd-style-1\">\n\t\t\t\t\t\t\t<a href=\"https:\/\/www.isiyad.net\/murat-kilincin-avukatligi-27-12-2025-tarihinde-istanbul-barosunda-yapildi\/#respond\"><span class=\"wd-replies-count\">0<\/span><\/a>\t\t\t\t\t\t<\/div>\n\t\t\t\t\t\t\t\t\t<\/div>\n\t\t\t<\/div>\n\t\t\t<\/div>\n\n\t<div class=\"wd-post-content\">\n\t\t<div class=\"wd-post-meta wd-post-entry-meta\">\n\t\t\t\n\t\t\t\t\t\t\t<div class=\"wd-post-cat wd-style-default\">\n\t\t\t\t\t<a href=\"https:\/\/www.isiyad.net\/category\/haber\/\" rel=\"category tag\">Haber<\/a>\t\t\t\t<\/div>\n\t\t\t\n\t\t\t\t\t<\/div>\n\n\t\t\t\t\t<h3 class=\"wd-post-title wd-entities-title title post-title\">\n\t\t\t\t<a href=\"https:\/\/www.isiyad.net\/murat-kilincin-avukatligi-27-12-2025-tarihinde-istanbul-barosunda-yapildi\/\" rel=\"bookmark\">\n\t\t\t\t\tMurat KILIN\u00c7&#8217;\u0131n avukatl\u0131\u011f\u0131 27.12.2025 tarihinde \u0130stanbul Barosu&#8217;nda yap\u0131ld\u0131.\t\t\t\t<\/a>\n\t\t\t<\/h3>\n\t\t\n\t\t\t\t\t<div class=\"wd-post-excerpt\">\n\t\t\t\t\t\t\t\t\t\u0130S\u0130YAD Genel Ba\u015fkan vekilimiz TA\u015eKONFED Genel Ba\u015fkan\u0131m\u0131z Av Murat KILIN\u00c7 27 12 2025 Tarihinde \u0130stanbul Barosunda D\u00fczenlenen A...\t\t\t\t\t\t\t<\/div>\n\t\t\n\t\t\t\t\t\t\t\t\t\t<div class=\"wd-post-read-more wd-style-link read-more-section\">\n\t\t\t\t\t\t<a class=\"\" href=\"https:\/\/www.isiyad.net\/murat-kilincin-avukatligi-27-12-2025-tarihinde-istanbul-barosunda-yapildi\/\">Continue reading<\/a>\t\t\t\t\t<\/div>\n\t\t\t\t\t\t\t<\/div>\n\n\t\t\t<\/div>\n\t<\/article>\n\t\t\t\t\t\t\t\t\t\t\t\n<article id=\"post-34760\" class=\"wd-post blog-design-meta-image blog-post-loop blog-style-bg wd-col post-34760 post type-post status-publish format-standard has-post-thumbnail hentry category-haber\">\n\t\t\t<div class=\"wd-post-inner\">\n\t\n\t<div class=\"wd-post-thumb color-scheme-light\">\n\t\t\t\t\t<div class=\"wd-post-img\">\n\t\t\t\t<img width=\"678\" height=\"381\" src=\"https:\/\/www.isiyad.net\/wp-content\/uploads\/2025\/12\/Terorsuz-Turkiye-icin.jpg\" class=\"attachment-large size-large\" alt=\"Ter\u00f6rs\u00fcz T\u00fcrkiye i\u00e7in\" decoding=\"async\" srcset=\"https:\/\/www.isiyad.net\/wp-content\/uploads\/2025\/12\/Terorsuz-Turkiye-icin.jpg 678w, https:\/\/www.isiyad.net\/wp-content\/uploads\/2025\/12\/Terorsuz-Turkiye-icin-300x169.jpg 300w, https:\/\/www.isiyad.net\/wp-content\/uploads\/2025\/12\/Terorsuz-Turkiye-icin-150x84.jpg 150w\" sizes=\"(max-width: 678px) 100vw, 678px\" \/>\t\t\t<\/div>\n\t\t\n\t\t\t\t<a class=\"wd-post-link wd-fill\" href=\"https:\/\/www.isiyad.net\/terorsuz-turkiye-icin\/\" rel=\"bookmark\" aria-label=\"Link on post \u201cTer\u00f6rs\u00fcz T\u00fcrkiye i\u00e7in\u201d Bug\u00fcn \u0130stanbul Sanayici ve Yat\u0131r\u0131mc\u0131 \u0130\u015f &#8230;\"><\/a>\n\n\t\t\t\t\t<div class=\"wd-post-header\">\n\t\t\t\t\t\t\t\t<div class=\"wd-post-author wd-meta-author\">\n\t\t\t\t\t\t\t\n\t\t\t\t\t<img alt='author-avatar' src='https:\/\/secure.gravatar.com\/avatar\/31bd59d65f2d9f5390ae193d420275df27981ded3fc037b2504d8df2417ca825?s=22&#038;d=mm&#038;r=g' srcset='https:\/\/secure.gravatar.com\/avatar\/31bd59d65f2d9f5390ae193d420275df27981ded3fc037b2504d8df2417ca825?s=44&#038;d=mm&#038;r=g 2x' class='avatar avatar-22 photo' height='22' width='22' decoding='async'\/>\t\t\n\t\t\t\t\t<a href=\"https:\/\/www.isiyad.net\/author\/adminisi\/\" class=\"author\" rel=\"author\">adminisi<\/a>\n\t\t\t\t\t\t\t\t<\/div>\n\n\t\t\t\t<div class=\"wd-post-actions\">\n\t\t\t\t\t\t\t\t\t\t\t<div class=\"wd-post-share wd-tltp\">\n\t\t\t\t\t\t\t<div class=\"tooltip top\">\n\t\t\t\t\t\t\t\t<div class=\"tooltip-inner\">\n\t\t\t\t\t\t\t\t\t\t\t\t<div\n\t\t\t\t\t\tclass=\" wd-social-icons  wd-style-default wd-size-small social-share wd-shape-circle color-scheme-light text-center\">\n\t\t\t\t\n\t\t\t\t\n\t\t\t\t\t\t\t\t\t<a rel=\"noopener noreferrer nofollow\" href=\"https:\/\/www.facebook.com\/sharer\/sharer.php?u=https:\/\/www.isiyad.net\/terorsuz-turkiye-icin\/\" target=\"_blank\" class=\" wd-social-icon social-facebook\" aria-label=\"Facebook social link\">\n\t\t\t\t\t\t<span class=\"wd-icon\"><\/span>\n\t\t\t\t\t\t\t\t\t\t\t<\/a>\n\t\t\t\t\n\t\t\t\t\t\t\t\t\t<a rel=\"noopener noreferrer nofollow\" href=\"https:\/\/x.com\/share?url=https:\/\/www.isiyad.net\/terorsuz-turkiye-icin\/\" target=\"_blank\" class=\" wd-social-icon social-twitter\" aria-label=\"X social link\">\n\t\t\t\t\t\t<span class=\"wd-icon\"><\/span>\n\t\t\t\t\t\t\t\t\t\t\t<\/a>\n\t\t\t\t\n\t\t\t\t\n\t\t\t\t\n\t\t\t\t\n\t\t\t\t\n\t\t\t\t\n\t\t\t\t\t\t\t\t\t<a rel=\"noopener noreferrer nofollow\" href=\"https:\/\/pinterest.com\/pin\/create\/button\/?url=https:\/\/www.isiyad.net\/terorsuz-turkiye-icin\/&media=https:\/\/www.isiyad.net\/wp-content\/uploads\/2025\/12\/Terorsuz-Turkiye-icin.jpg&description=%E2%80%9CTer%C3%B6rs%C3%BCz+T%C3%BCrkiye+i%C3%A7in%E2%80%9D+Bug%C3%BCn+%C4%B0stanbul+Sanayici+ve+Yat%C4%B1r%C4%B1mc%C4%B1+%C4%B0%C5%9F+%26%238230%3B\" target=\"_blank\" class=\" wd-social-icon social-pinterest\" aria-label=\"Pinterest social link\">\n\t\t\t\t\t\t<span class=\"wd-icon\"><\/span>\n\t\t\t\t\t\t\t\t\t\t\t<\/a>\n\t\t\t\t\n\t\t\t\t\n\t\t\t\t\t\t\t\t\t<a rel=\"noopener noreferrer nofollow\" href=\"https:\/\/www.linkedin.com\/shareArticle?mini=true&url=https:\/\/www.isiyad.net\/terorsuz-turkiye-icin\/\" target=\"_blank\" class=\" wd-social-icon social-linkedin\" aria-label=\"Linkedin social link\">\n\t\t\t\t\t\t<span class=\"wd-icon\"><\/span>\n\t\t\t\t\t\t\t\t\t\t\t<\/a>\n\t\t\t\t\n\t\t\t\t\n\t\t\t\t\n\t\t\t\t\n\t\t\t\t\n\t\t\t\t\n\t\t\t\t\n\t\t\t\t\n\t\t\t\t\n\t\t\t\t\n\t\t\t\t\n\t\t\t\t\n\t\t\t\t\n\t\t\t\t\n\t\t\t\t\n\t\t\t\t\t\t\t\t\t<a rel=\"noopener noreferrer nofollow\" href=\"https:\/\/telegram.me\/share\/url?url=https:\/\/www.isiyad.net\/terorsuz-turkiye-icin\/\" target=\"_blank\" class=\" wd-social-icon social-tg\" aria-label=\"Telegram social link\">\n\t\t\t\t\t\t<span class=\"wd-icon\"><\/span>\n\t\t\t\t\t\t\t\t\t\t\t<\/a>\n\t\t\t\t\n\t\t\t\t\n\t\t\t<\/div>\n\n\t\t\t\t\t\t\t\t\t\t<\/div>\n\t\t\t\t\t\t\t\t<div class=\"tooltip-arrow\"><\/div>\n\t\t\t\t\t\t\t<\/div>\n\t\t\t\t\t\t<\/div>\n\t\t\t\t\t\n\t\t\t\t\t\t\t\t\t\t\t\t\t\t\t\t\t<div class=\"wd-post-reply wd-meta-reply wd-style-1\">\n\t\t\t\t\t\t\t<a href=\"https:\/\/www.isiyad.net\/terorsuz-turkiye-icin\/#respond\"><span class=\"wd-replies-count\">0<\/span><\/a>\t\t\t\t\t\t<\/div>\n\t\t\t\t\t\t\t\t\t<\/div>\n\t\t\t<\/div>\n\t\t\t<\/div>\n\n\t<div class=\"wd-post-content\">\n\t\t<div class=\"wd-post-meta wd-post-entry-meta\">\n\t\t\t\n\t\t\t\t\t\t\t<div class=\"wd-post-cat wd-style-default\">\n\t\t\t\t\t<a href=\"https:\/\/www.isiyad.net\/category\/haber\/\" rel=\"category tag\">Haber<\/a>\t\t\t\t<\/div>\n\t\t\t\n\t\t\t\t\t<\/div>\n\n\t\t\t\t\t<h3 class=\"wd-post-title wd-entities-title title post-title\">\n\t\t\t\t<a href=\"https:\/\/www.isiyad.net\/terorsuz-turkiye-icin\/\" rel=\"bookmark\">\n\t\t\t\t\t\u201cTer\u00f6rs\u00fcz T\u00fcrkiye i\u00e7in\u201d Bug\u00fcn \u0130stanbul Sanayici ve Yat\u0131r\u0131mc\u0131 \u0130\u015f &#8230;\t\t\t\t<\/a>\n\t\t\t<\/h3>\n\t\t\n\t\t\t\t\t<div class=\"wd-post-excerpt\">\n\t\t\t\t\t\t\t\t\t\u201cTer\u00f6rs\u00fcz T\u00fcrkiye i\u00e7in\u201d Bug\u00fcn \u0130stanbul Sanayici ve Yat\u0131r\u0131mc\u0131 \u0130\u015f \u0130nsanlar\u0131 Derne\u011fi olarak, \u00fclkemizin en temel de\u011ferlerinden bi...\t\t\t\t\t\t\t<\/div>\n\t\t\n\t\t\t\t\t\t\t\t\t\t<div class=\"wd-post-read-more wd-style-link read-more-section\">\n\t\t\t\t\t\t<a class=\"\" href=\"https:\/\/www.isiyad.net\/terorsuz-turkiye-icin\/\">Continue reading<\/a>\t\t\t\t\t<\/div>\n\t\t\t\t\t\t\t<\/div>\n\n\t\t\t<\/div>\n\t<\/article>\n\t\t\t\t\t\t\t\t\t\t\t\n<article id=\"post-34761\" class=\"wd-post blog-design-meta-image blog-post-loop blog-style-bg wd-col post-34761 post type-post status-publish format-standard has-post-thumbnail hentry category-haber\">\n\t\t\t<div class=\"wd-post-inner\">\n\t\n\t<div class=\"wd-post-thumb color-scheme-light\">\n\t\t\t\t\t<div class=\"wd-post-img\">\n\t\t\t\t<img width=\"678\" height=\"381\" src=\"https:\/\/www.isiyad.net\/wp-content\/uploads\/2025\/12\/Istanbul-Sanayici-Yatirimci-ve-Tuccarlar-Dernegi-Uyeleri.jpg\" class=\"attachment-large size-large\" alt=\"\u0130stanbul Sanayici, Yat\u0131r\u0131mc\u0131 ve T\u00fcccarlar Derne\u011fi \u00dcyeleri\" decoding=\"async\" srcset=\"https:\/\/www.isiyad.net\/wp-content\/uploads\/2025\/12\/Istanbul-Sanayici-Yatirimci-ve-Tuccarlar-Dernegi-Uyeleri.jpg 678w, https:\/\/www.isiyad.net\/wp-content\/uploads\/2025\/12\/Istanbul-Sanayici-Yatirimci-ve-Tuccarlar-Dernegi-Uyeleri-300x169.jpg 300w, https:\/\/www.isiyad.net\/wp-content\/uploads\/2025\/12\/Istanbul-Sanayici-Yatirimci-ve-Tuccarlar-Dernegi-Uyeleri-150x84.jpg 150w\" sizes=\"(max-width: 678px) 100vw, 678px\" \/>\t\t\t<\/div>\n\t\t\n\t\t\t\t<a class=\"wd-post-link wd-fill\" href=\"https:\/\/www.isiyad.net\/istanbul-sanayici-yatirimci-ve-tuccarlar-dernegi-uyeleri\/\" rel=\"bookmark\" aria-label=\"Link on post \u0130stanbul Sanayici, Yat\u0131r\u0131mc\u0131 ve T\u00fcccarlar Derne\u011fi \u00dcyeleri\"><\/a>\n\n\t\t\t\t\t<div class=\"wd-post-header\">\n\t\t\t\t\t\t\t\t<div class=\"wd-post-author wd-meta-author\">\n\t\t\t\t\t\t\t\n\t\t\t\t\t<img alt='author-avatar' src='https:\/\/secure.gravatar.com\/avatar\/31bd59d65f2d9f5390ae193d420275df27981ded3fc037b2504d8df2417ca825?s=22&#038;d=mm&#038;r=g' srcset='https:\/\/secure.gravatar.com\/avatar\/31bd59d65f2d9f5390ae193d420275df27981ded3fc037b2504d8df2417ca825?s=44&#038;d=mm&#038;r=g 2x' class='avatar avatar-22 photo' height='22' width='22' decoding='async'\/>\t\t\n\t\t\t\t\t<a href=\"https:\/\/www.isiyad.net\/author\/adminisi\/\" class=\"author\" rel=\"author\">adminisi<\/a>\n\t\t\t\t\t\t\t\t<\/div>\n\n\t\t\t\t<div class=\"wd-post-actions\">\n\t\t\t\t\t\t\t\t\t\t\t<div class=\"wd-post-share wd-tltp\">\n\t\t\t\t\t\t\t<div class=\"tooltip top\">\n\t\t\t\t\t\t\t\t<div class=\"tooltip-inner\">\n\t\t\t\t\t\t\t\t\t\t\t\t<div\n\t\t\t\t\t\tclass=\" wd-social-icons  wd-style-default wd-size-small social-share wd-shape-circle color-scheme-light text-center\">\n\t\t\t\t\n\t\t\t\t\n\t\t\t\t\t\t\t\t\t<a rel=\"noopener noreferrer nofollow\" href=\"https:\/\/www.facebook.com\/sharer\/sharer.php?u=https:\/\/www.isiyad.net\/istanbul-sanayici-yatirimci-ve-tuccarlar-dernegi-uyeleri\/\" target=\"_blank\" class=\" wd-social-icon social-facebook\" aria-label=\"Facebook social link\">\n\t\t\t\t\t\t<span class=\"wd-icon\"><\/span>\n\t\t\t\t\t\t\t\t\t\t\t<\/a>\n\t\t\t\t\n\t\t\t\t\t\t\t\t\t<a rel=\"noopener noreferrer nofollow\" href=\"https:\/\/x.com\/share?url=https:\/\/www.isiyad.net\/istanbul-sanayici-yatirimci-ve-tuccarlar-dernegi-uyeleri\/\" target=\"_blank\" class=\" wd-social-icon social-twitter\" aria-label=\"X social link\">\n\t\t\t\t\t\t<span class=\"wd-icon\"><\/span>\n\t\t\t\t\t\t\t\t\t\t\t<\/a>\n\t\t\t\t\n\t\t\t\t\n\t\t\t\t\n\t\t\t\t\n\t\t\t\t\n\t\t\t\t\n\t\t\t\t\t\t\t\t\t<a rel=\"noopener noreferrer nofollow\" href=\"https:\/\/pinterest.com\/pin\/create\/button\/?url=https:\/\/www.isiyad.net\/istanbul-sanayici-yatirimci-ve-tuccarlar-dernegi-uyeleri\/&media=https:\/\/www.isiyad.net\/wp-content\/uploads\/2025\/12\/Istanbul-Sanayici-Yatirimci-ve-Tuccarlar-Dernegi-Uyeleri.jpg&description=%C4%B0stanbul+Sanayici%2C+Yat%C4%B1r%C4%B1mc%C4%B1+ve+T%C3%BCccarlar+Derne%C4%9Fi+%C3%9Cyeleri\" target=\"_blank\" class=\" wd-social-icon social-pinterest\" aria-label=\"Pinterest social link\">\n\t\t\t\t\t\t<span class=\"wd-icon\"><\/span>\n\t\t\t\t\t\t\t\t\t\t\t<\/a>\n\t\t\t\t\n\t\t\t\t\n\t\t\t\t\t\t\t\t\t<a rel=\"noopener noreferrer nofollow\" href=\"https:\/\/www.linkedin.com\/shareArticle?mini=true&url=https:\/\/www.isiyad.net\/istanbul-sanayici-yatirimci-ve-tuccarlar-dernegi-uyeleri\/\" target=\"_blank\" class=\" wd-social-icon social-linkedin\" aria-label=\"Linkedin social link\">\n\t\t\t\t\t\t<span class=\"wd-icon\"><\/span>\n\t\t\t\t\t\t\t\t\t\t\t<\/a>\n\t\t\t\t\n\t\t\t\t\n\t\t\t\t\n\t\t\t\t\n\t\t\t\t\n\t\t\t\t\n\t\t\t\t\n\t\t\t\t\n\t\t\t\t\n\t\t\t\t\n\t\t\t\t\n\t\t\t\t\n\t\t\t\t\n\t\t\t\t\n\t\t\t\t\n\t\t\t\t\t\t\t\t\t<a rel=\"noopener noreferrer nofollow\" href=\"https:\/\/telegram.me\/share\/url?url=https:\/\/www.isiyad.net\/istanbul-sanayici-yatirimci-ve-tuccarlar-dernegi-uyeleri\/\" target=\"_blank\" class=\" wd-social-icon social-tg\" aria-label=\"Telegram social link\">\n\t\t\t\t\t\t<span class=\"wd-icon\"><\/span>\n\t\t\t\t\t\t\t\t\t\t\t<\/a>\n\t\t\t\t\n\t\t\t\t\n\t\t\t<\/div>\n\n\t\t\t\t\t\t\t\t\t\t<\/div>\n\t\t\t\t\t\t\t\t<div class=\"tooltip-arrow\"><\/div>\n\t\t\t\t\t\t\t<\/div>\n\t\t\t\t\t\t<\/div>\n\t\t\t\t\t\n\t\t\t\t\t\t\t\t\t\t\t\t\t\t\t\t\t<div class=\"wd-post-reply wd-meta-reply wd-style-1\">\n\t\t\t\t\t\t\t<a href=\"https:\/\/www.isiyad.net\/istanbul-sanayici-yatirimci-ve-tuccarlar-dernegi-uyeleri\/#respond\"><span class=\"wd-replies-count\">0<\/span><\/a>\t\t\t\t\t\t<\/div>\n\t\t\t\t\t\t\t\t\t<\/div>\n\t\t\t<\/div>\n\t\t\t<\/div>\n\n\t<div class=\"wd-post-content\">\n\t\t<div class=\"wd-post-meta wd-post-entry-meta\">\n\t\t\t\n\t\t\t\t\t\t\t<div class=\"wd-post-cat wd-style-default\">\n\t\t\t\t\t<a href=\"https:\/\/www.isiyad.net\/category\/haber\/\" rel=\"category tag\">Haber<\/a>\t\t\t\t<\/div>\n\t\t\t\n\t\t\t\t\t<\/div>\n\n\t\t\t\t\t<h3 class=\"wd-post-title wd-entities-title title post-title\">\n\t\t\t\t<a href=\"https:\/\/www.isiyad.net\/istanbul-sanayici-yatirimci-ve-tuccarlar-dernegi-uyeleri\/\" rel=\"bookmark\">\n\t\t\t\t\t\u0130stanbul Sanayici, Yat\u0131r\u0131mc\u0131 ve T\u00fcccarlar Derne\u011fi \u00dcyeleri\t\t\t\t<\/a>\n\t\t\t<\/h3>\n\t\t\n\t\t\t\t\t<div class=\"wd-post-excerpt\">\n\t\t\t\t\t\t\t\t\tSayg\u0131de\u011fer i\u015f insanlar\u0131, ve k\u0131ymetli Dostlar\u0131m\u0131z \u0130stanbul Sanayici ve Yat\u0131r\u0131mc\u0131 \u0130\u015f \u0130nsanlar\u0131 Derne\u011fi \u00fcyeleri ve sevgili dostl...\t\t\t\t\t\t\t<\/div>\n\t\t\n\t\t\t\t\t\t\t\t\t\t<div class=\"wd-post-read-more wd-style-link read-more-section\">\n\t\t\t\t\t\t<a class=\"\" href=\"https:\/\/www.isiyad.net\/istanbul-sanayici-yatirimci-ve-tuccarlar-dernegi-uyeleri\/\">Continue reading<\/a>\t\t\t\t\t<\/div>\n\t\t\t\t\t\t\t<\/div>\n\n\t\t\t<\/div>\n\t<\/article>\n\t\t\t\t\t\t\t\t\t\t\t\n<article id=\"post-34762\" class=\"wd-post blog-design-meta-image blog-post-loop blog-style-bg wd-col post-34762 post type-post status-publish format-standard has-post-thumbnail hentry category-haber\">\n\t\t\t<div class=\"wd-post-inner\">\n\t\n\t<div class=\"wd-post-thumb color-scheme-light\">\n\t\t\t\t\t<div class=\"wd-post-img\">\n\t\t\t\t<img width=\"678\" height=\"381\" src=\"https:\/\/www.isiyad.net\/wp-content\/uploads\/2025\/12\/Insanlik-ailesi-olarak-Filistin-halkina-en-buyuk-borcumuz-adalettir.jpg\" class=\"attachment-large size-large\" alt=\"\u0130nsanl\u0131k ailesi olarak Filistin halk\u0131na en b\u00fcy\u00fck borcumuz adalettir\" decoding=\"async\" srcset=\"https:\/\/www.isiyad.net\/wp-content\/uploads\/2025\/12\/Insanlik-ailesi-olarak-Filistin-halkina-en-buyuk-borcumuz-adalettir.jpg 678w, https:\/\/www.isiyad.net\/wp-content\/uploads\/2025\/12\/Insanlik-ailesi-olarak-Filistin-halkina-en-buyuk-borcumuz-adalettir-300x169.jpg 300w, https:\/\/www.isiyad.net\/wp-content\/uploads\/2025\/12\/Insanlik-ailesi-olarak-Filistin-halkina-en-buyuk-borcumuz-adalettir-150x84.jpg 150w\" sizes=\"(max-width: 678px) 100vw, 678px\" \/>\t\t\t<\/div>\n\t\t\n\t\t\t\t<a class=\"wd-post-link wd-fill\" href=\"https:\/\/www.isiyad.net\/insanlik-ailesi-olarak-filistin-halkina-en-buyuk-borcumuz-adalettir\/\" rel=\"bookmark\" aria-label=\"Link on post \u0130nsanl\u0131k ailesi olarak Filistin halk\u0131na en b\u00fcy\u00fck borcumuz adalettir\"><\/a>\n\n\t\t\t\t\t<div class=\"wd-post-header\">\n\t\t\t\t\t\t\t\t<div class=\"wd-post-author wd-meta-author\">\n\t\t\t\t\t\t\t\n\t\t\t\t\t<img alt='author-avatar' src='https:\/\/secure.gravatar.com\/avatar\/31bd59d65f2d9f5390ae193d420275df27981ded3fc037b2504d8df2417ca825?s=22&#038;d=mm&#038;r=g' srcset='https:\/\/secure.gravatar.com\/avatar\/31bd59d65f2d9f5390ae193d420275df27981ded3fc037b2504d8df2417ca825?s=44&#038;d=mm&#038;r=g 2x' class='avatar avatar-22 photo' height='22' width='22' decoding='async'\/>\t\t\n\t\t\t\t\t<a href=\"https:\/\/www.isiyad.net\/author\/adminisi\/\" class=\"author\" rel=\"author\">adminisi<\/a>\n\t\t\t\t\t\t\t\t<\/div>\n\n\t\t\t\t<div class=\"wd-post-actions\">\n\t\t\t\t\t\t\t\t\t\t\t<div class=\"wd-post-share wd-tltp\">\n\t\t\t\t\t\t\t<div class=\"tooltip top\">\n\t\t\t\t\t\t\t\t<div class=\"tooltip-inner\">\n\t\t\t\t\t\t\t\t\t\t\t\t<div\n\t\t\t\t\t\tclass=\" wd-social-icons  wd-style-default wd-size-small social-share wd-shape-circle color-scheme-light text-center\">\n\t\t\t\t\n\t\t\t\t\n\t\t\t\t\t\t\t\t\t<a rel=\"noopener noreferrer nofollow\" href=\"https:\/\/www.facebook.com\/sharer\/sharer.php?u=https:\/\/www.isiyad.net\/insanlik-ailesi-olarak-filistin-halkina-en-buyuk-borcumuz-adalettir\/\" target=\"_blank\" class=\" wd-social-icon social-facebook\" aria-label=\"Facebook social link\">\n\t\t\t\t\t\t<span class=\"wd-icon\"><\/span>\n\t\t\t\t\t\t\t\t\t\t\t<\/a>\n\t\t\t\t\n\t\t\t\t\t\t\t\t\t<a rel=\"noopener noreferrer nofollow\" href=\"https:\/\/x.com\/share?url=https:\/\/www.isiyad.net\/insanlik-ailesi-olarak-filistin-halkina-en-buyuk-borcumuz-adalettir\/\" target=\"_blank\" class=\" wd-social-icon social-twitter\" aria-label=\"X social link\">\n\t\t\t\t\t\t<span class=\"wd-icon\"><\/span>\n\t\t\t\t\t\t\t\t\t\t\t<\/a>\n\t\t\t\t\n\t\t\t\t\n\t\t\t\t\n\t\t\t\t\n\t\t\t\t\n\t\t\t\t\n\t\t\t\t\t\t\t\t\t<a rel=\"noopener noreferrer nofollow\" href=\"https:\/\/pinterest.com\/pin\/create\/button\/?url=https:\/\/www.isiyad.net\/insanlik-ailesi-olarak-filistin-halkina-en-buyuk-borcumuz-adalettir\/&media=https:\/\/www.isiyad.net\/wp-content\/uploads\/2025\/12\/Insanlik-ailesi-olarak-Filistin-halkina-en-buyuk-borcumuz-adalettir.jpg&description=%C4%B0nsanl%C4%B1k+ailesi+olarak+Filistin+halk%C4%B1na+en+b%C3%BCy%C3%BCk+borcumuz+adalettir\" target=\"_blank\" class=\" wd-social-icon social-pinterest\" aria-label=\"Pinterest social link\">\n\t\t\t\t\t\t<span class=\"wd-icon\"><\/span>\n\t\t\t\t\t\t\t\t\t\t\t<\/a>\n\t\t\t\t\n\t\t\t\t\n\t\t\t\t\t\t\t\t\t<a rel=\"noopener noreferrer nofollow\" href=\"https:\/\/www.linkedin.com\/shareArticle?mini=true&url=https:\/\/www.isiyad.net\/insanlik-ailesi-olarak-filistin-halkina-en-buyuk-borcumuz-adalettir\/\" target=\"_blank\" class=\" wd-social-icon social-linkedin\" aria-label=\"Linkedin social link\">\n\t\t\t\t\t\t<span class=\"wd-icon\"><\/span>\n\t\t\t\t\t\t\t\t\t\t\t<\/a>\n\t\t\t\t\n\t\t\t\t\n\t\t\t\t\n\t\t\t\t\n\t\t\t\t\n\t\t\t\t\n\t\t\t\t\n\t\t\t\t\n\t\t\t\t\n\t\t\t\t\n\t\t\t\t\n\t\t\t\t\n\t\t\t\t\n\t\t\t\t\n\t\t\t\t\n\t\t\t\t\t\t\t\t\t<a rel=\"noopener noreferrer nofollow\" href=\"https:\/\/telegram.me\/share\/url?url=https:\/\/www.isiyad.net\/insanlik-ailesi-olarak-filistin-halkina-en-buyuk-borcumuz-adalettir\/\" target=\"_blank\" class=\" wd-social-icon social-tg\" aria-label=\"Telegram social link\">\n\t\t\t\t\t\t<span class=\"wd-icon\"><\/span>\n\t\t\t\t\t\t\t\t\t\t\t<\/a>\n\t\t\t\t\n\t\t\t\t\n\t\t\t<\/div>\n\n\t\t\t\t\t\t\t\t\t\t<\/div>\n\t\t\t\t\t\t\t\t<div class=\"tooltip-arrow\"><\/div>\n\t\t\t\t\t\t\t<\/div>\n\t\t\t\t\t\t<\/div>\n\t\t\t\t\t\n\t\t\t\t\t\t\t\t\t\t\t\t\t\t\t\t\t<div class=\"wd-post-reply wd-meta-reply wd-style-1\">\n\t\t\t\t\t\t\t<a href=\"https:\/\/www.isiyad.net\/insanlik-ailesi-olarak-filistin-halkina-en-buyuk-borcumuz-adalettir\/#respond\"><span class=\"wd-replies-count\">0<\/span><\/a>\t\t\t\t\t\t<\/div>\n\t\t\t\t\t\t\t\t\t<\/div>\n\t\t\t<\/div>\n\t\t\t<\/div>\n\n\t<div class=\"wd-post-content\">\n\t\t<div class=\"wd-post-meta wd-post-entry-meta\">\n\t\t\t\n\t\t\t\t\t\t\t<div class=\"wd-post-cat wd-style-default\">\n\t\t\t\t\t<a href=\"https:\/\/www.isiyad.net\/category\/haber\/\" rel=\"category tag\">Haber<\/a>\t\t\t\t<\/div>\n\t\t\t\n\t\t\t\t\t<\/div>\n\n\t\t\t\t\t<h3 class=\"wd-post-title wd-entities-title title post-title\">\n\t\t\t\t<a href=\"https:\/\/www.isiyad.net\/insanlik-ailesi-olarak-filistin-halkina-en-buyuk-borcumuz-adalettir\/\" rel=\"bookmark\">\n\t\t\t\t\t\u0130nsanl\u0131k ailesi olarak Filistin halk\u0131na en b\u00fcy\u00fck borcumuz adalettir\t\t\t\t<\/a>\n\t\t\t<\/h3>\n\t\t\n\t\t\t\t\t<div class=\"wd-post-excerpt\">\n\t\t\t\t\t\t\t\t\tCumhurba\u015fkan\u0131 Erdo\u011fan, Vatikan Devlet Ba\u015fkan\u0131 Papa 14. Leo ile ger\u00e7ekle\u015ftirdikleri ortak a\u00e7\u0131klamada, \u201c\u0130nsanl\u0131k ailesi olarak ...\t\t\t\t\t\t\t<\/div>\n\t\t\n\t\t\t\t\t\t\t\t\t\t<div class=\"wd-post-read-more wd-style-link read-more-section\">\n\t\t\t\t\t\t<a class=\"\" href=\"https:\/\/www.isiyad.net\/insanlik-ailesi-olarak-filistin-halkina-en-buyuk-borcumuz-adalettir\/\">Continue reading<\/a>\t\t\t\t\t<\/div>\n\t\t\t\t\t\t\t<\/div>\n\n\t\t\t<\/div>\n\t<\/article>\n\t\t\t\t\t\n\t\t\t\t\t","status":"have-posts","nextPage":"https:\/\/www.isiyad.net\/author\/adminisi\/page\/3\/?woo_ajax=1","currentPage":"https:\/\/www.isiyad.net\/author\/adminisi\/page\/2"}